{"id":14895,"date":"2023-10-12T10:45:31","date_gmt":"2023-10-12T10:45:31","guid":{"rendered":"https:\/\/saludsinaloa.gob.mx\/?p=14895"},"modified":"2023-10-19T20:47:50","modified_gmt":"2023-10-19T20:47:50","slug":"secretaria-de-salud-festejara-el-dia-del-trabajador-de-la-salud-y-dia-del-medico-con-la-carrera-de-la-salud-2023","status":"publish","type":"post","link":"https:\/\/saludsinaloa.gob.mx\/index.php\/2023\/10\/12\/secretaria-de-salud-festejara-el-dia-del-trabajador-de-la-salud-y-dia-del-medico-con-la-carrera-de-la-salud-2023\/","title":{"rendered":"Secretar\u00eda de Salud festejar\u00e1 el D\u00eda del Trabajador de la Salud y D\u00eda del M\u00e9dico con la Carrera de la Salud 2023"},"content":{"rendered":"<p style=\"text-align: center;\"><strong>Secretar\u00eda de Salud festejar\u00e1 el D\u00eda del Trabajador de la Salud y D\u00eda del M\u00e9dico con la Carrera de la Salud 2023<\/strong><\/p>\n<p><strong>Culiac\u00e1n, Sinaloa, 12 de octubre de 2023.-<\/strong> La Secretar\u00eda de Salud del Gobierno del Estado de Sinaloa invita formalmente a todos los sectores de la poblaci\u00f3n a participar en la Carrera de la Salud 2023, la cual se llevar\u00e1 a cabo el pr\u00f3ximo domingo 15 de octubre en punto de las 7:00 horas teniendo como salida y meta el edificio de Palacio de Gobierno, por la avenida Insurgentes.<\/p>\n<p>El Secretario de Salud, Dr. Cuitl\u00e1huac Gonz\u00e1lez Galindo, mencion\u00f3 que esta convocatoria se realiza en el D\u00eda del Trabajador de la Salud, 15 de octubre, y previo al D\u00eda del M\u00e9dico, que se celebra el 23 de octubre, el objetivo es reconocer la labor tan importante de este gremio en la entidad a trav\u00e9s de un ambiente de sana convivencia y promoci\u00f3n a la actividad f\u00edsica entre la poblaci\u00f3n.<\/p>\n<p>\u201cAgradecerles a ustedes que nos acompa\u00f1en, a este comit\u00e9, hoy, ya no es una carrera solo del D\u00eda del M\u00e9dico, se festeja el D\u00eda del Trabajador de la Salud, buscamos hacer un festejo que nos permita convivir con los trabajadores, convivir con el personal de la salud, dar salud con el deporte, poner el ejemplo y qu\u00e9 mejor manera que con una carrera de 10 kil\u00f3metros y 5 kil\u00f3metros, un evento de convivencia donde estar\u00e1n llegando compa\u00f1eros de salud de diferentes puntos del estado\u201d, expres\u00f3.<\/p>\n<p>La convocatoria es dirigida a instituciones del sector salud en Sinaloa, sanatorios, cl\u00ednicas, hospitales y p\u00fablico en general para que acudan a este evento que se realizar\u00e1 en modalidades de 5 y 10 kil\u00f3metros, el \u00fanico requisito es portar una playera blanca.<\/p>\n<p>Las inscripciones ya est\u00e1n abiertas en las oficinas de la Secretar\u00eda de Salud, ubicadas en la planta baja de Palacio de Gobierno, y mediante QR en los promocionales instalados en las diferentes unidades de salud de la entidad, por lo que se espera una participaci\u00f3n conjunta de DIF Sinaloa, IMSS, ISSSTE, Hospital Civil de Culiac\u00e1n, Sindicatos de Salud y dem\u00e1s instancias que cuenten con trabajadores del \u00e1rea de la salud.<\/p>\n<p>En cuanto a la premiaci\u00f3n, se reconocer\u00e1 a los tres primeros lugares de las ramas femenil y varonil en cada distancia y al t\u00e9rmino de la carrera habr\u00e1 una convivencia para ni\u00f1os y adultos gracias al Instituto Sinaloense del Deporte (ISDE), adem\u00e1s de sorpresas para las y los participantes.<\/p>\n","protected":false},"excerpt":{"rendered":"<p>Secretar\u00eda de Salud festejar\u00e1 el D\u00eda del Trabajador de la Salud y D\u00eda del M\u00e9dico con la Carrera de la Salud 2023 Culiac\u00e1n, Sinaloa, 12 de octubre de 2023.- La Secretar\u00eda de Salud del Gobierno del Estado de Sinaloa invita formalmente a todos los sectores de la poblaci\u00f3n a participar en la Carrera de la [&hellip;]<\/p>\n","protected":false},"author":1,"featured_media":14896,"comment_status":"closed","ping_status":"open","sticky":false,"template":"","format":"standard","meta":{"footnotes":""},"categories":[4,3],"tags":[],"class_list":["post-14895","post","type-post","status-publish","format-standard","has-post-thumbnail","hentry","category-boletines-prensa","category-prensa"],"_links":{"self":[{"href":"https:\/\/saludsinaloa.gob.mx\/index.php\/wp-json\/wp\/v2\/posts\/14895","targetHints":{"allow":["GET"]}}],"collection":[{"href":"https:\/\/saludsinaloa.gob.mx\/index.php\/wp-json\/wp\/v2\/posts"}],"about":[{"href":"https:\/\/saludsinaloa.gob.mx\/index.php\/wp-json\/wp\/v2\/types\/post"}],"author":[{"embeddable":true,"href":"https:\/\/saludsinaloa.gob.mx\/index.php\/wp-json\/wp\/v2\/users\/1"}],"replies":[{"embeddable":true,"href":"https:\/\/saludsinaloa.gob.mx\/index.php\/wp-json\/wp\/v2\/comments?post=14895"}],"version-history":[{"count":1,"href":"https:\/\/saludsinaloa.gob.mx\/index.php\/wp-json\/wp\/v2\/posts\/14895\/revisions"}],"predecessor-version":[{"id":14897,"href":"https:\/\/saludsinaloa.gob.mx\/index.php\/wp-json\/wp\/v2\/posts\/14895\/revisions\/14897"}],"wp:featuredmedia":[{"embeddable":true,"href":"https:\/\/saludsinaloa.gob.mx\/index.php\/wp-json\/wp\/v2\/media\/14896"}],"wp:attachment":[{"href":"https:\/\/saludsinaloa.gob.mx\/index.php\/wp-json\/wp\/v2\/media?parent=14895"}],"wp:term":[{"taxonomy":"category","embeddable":true,"href":"https:\/\/saludsinaloa.gob.mx\/index.php\/wp-json\/wp\/v2\/categories?post=14895"},{"taxonomy":"post_tag","embeddable":true,"href":"https:\/\/saludsinaloa.gob.mx\/index.php\/wp-json\/wp\/v2\/tags?post=14895"}],"curies":[{"name":"wp","href":"https:\/\/api.w.org\/{rel}","templated":true}]}}