{"id":14864,"date":"2023-09-29T11:25:23","date_gmt":"2023-09-29T11:25:23","guid":{"rendered":"https:\/\/saludsinaloa.gob.mx\/?p=14864"},"modified":"2023-10-06T17:27:04","modified_gmt":"2023-10-06T17:27:04","slug":"en-el-dia-mundial-del-corazon-secretaria-de-salud-adquirira-desfibriladores-para-todas-sus-areas-de-trabajo-anuncio-el-dr-cuitlahuac-gonzalez-galindo","status":"publish","type":"post","link":"https:\/\/saludsinaloa.gob.mx\/index.php\/2023\/09\/29\/en-el-dia-mundial-del-corazon-secretaria-de-salud-adquirira-desfibriladores-para-todas-sus-areas-de-trabajo-anuncio-el-dr-cuitlahuac-gonzalez-galindo\/","title":{"rendered":"En el D\u00eda Mundial del Coraz\u00f3n, Secretar\u00eda de Salud adquirir\u00e1 desfibriladores para todas sus \u00e1reas de trabajo, anunci\u00f3 el Dr. Cuitl\u00e1huac Gonz\u00e1lez Galindo"},"content":{"rendered":"<p style=\"text-align: center;\"><strong>En el D\u00eda Mundial del Coraz\u00f3n, Secretar\u00eda de Salud adquirir\u00e1 desfibriladores para todas sus \u00e1reas de trabajo, anunci\u00f3 el Dr. Cuitl\u00e1huac Gonz\u00e1lez Galindo<\/strong><\/p>\n<p><strong>Entrega placa a Tecnol\u00f3gico de Monterrey, Campus Sinaloa, como Espacio Cardio Protegidos<\/strong><\/p>\n<p><strong>Culiac\u00e1n, Sinaloa, 29 de septiembre de 2023.-<\/strong> En el marcodel D\u00eda Mundial del Coraz\u00f3n, celebrado este viernes, el Secretario de Salud, Dr. Cuitl\u00e1huac Gonz\u00e1lez Galindo, anunci\u00f3 que recientemente se autoriz\u00f3 la adquisici\u00f3n de desfibriladores externos autom\u00e1ticos para ser instalados en todas las oficinas y unidades que conforman la Secretar\u00eda de Salud.<\/p>\n<p>Al entregar la placa con certificaci\u00f3n al Instituto Tecnol\u00f3gico de Monterrey como Espacios Cardio Protegidos, el responsable de la salud en la entidad afirm\u00f3 que acciones como las implementadas en el Tec, al contar con 4 desfibriladores externos en un \u00e1rea con una poblaci\u00f3n de 800 personas, fortalecen el cuidado de la salud en el entorno y figuran como un ejemplo y llevarlo a todas las autoridades gubernamentales e instancias educativas.<\/p>\n<p>\u201cSon acciones que fortalecen la salud del entorno, con estos nuevos sistemas se da un gran paso en la detecci\u00f3n de la patolog\u00eda cardiaca, ayer autoric\u00e9 el presupuesto para que hagan la compra para que las oficinas de nosotros tengan tambi\u00e9n sus equipos, de tal manera que despu\u00e9s de una capacitaci\u00f3n cualquiera es capaz de poder activar y salvar una vida; el se\u00f1or Gobernador, Dr. Rub\u00e9n Rocha Moya, tiene claro esto y nos hace portavoz de la felicitaci\u00f3n para el Tec de Monterrey\u201d, detall\u00f3.<\/p>\n<p>Por su parte el director general del Instituto Tecnol\u00f3gico de Monterrey, Campus Sinaloa, Dr. Richard David Huett, se mostr\u00f3 satisfecho por el apoyo recibido de parte del Gobierno del Estado para fortalecer las actividades que permitan proteger a la comunidad estudiantil, administrativa y en general que acuden a las instalaciones de este plantel.<\/p>\n<p>\u201cReconociendo el gran apoyo que recibimos este a\u00f1o en el Tec de Monterrey, Campus Sinaloa, por parte del Secretario de Salud, por parte del gobierno estatal, y nos da mucho gusto, un honor, recibir hoy esta certificaci\u00f3n de Espacios Cardio Protegidos, que al final del d\u00eda, unirnos en esta visi\u00f3n de nuestro gobernador y buscamos el bienestar en nuestro estado, el bienestar de nuestros estudiantes, colaboradores, profesores, los padres de familia, y seguir capacit\u00e1ndonos es el compromiso\u201d, expres\u00f3.<\/p>\n<p>Las cifras registradas por la Secretar\u00eda de Salud nos muestran que entre siete y ocho personas fallecen diariamente en el estado por alguna patolog\u00eda cardiaca, sin embargo, en lo que va del a\u00f1o 2023 se han realizado alrededor de 1200 procedimientos de cateterismo a pacientes que llegan con alguna isquemia cardiaca o infarto y gracias a que las instancias del sector salud p\u00fablico cuentan con lo necesario para realizarlo se han podido salvar esas vidas.<\/p>\n","protected":false},"excerpt":{"rendered":"<p>En el D\u00eda Mundial del Coraz\u00f3n, Secretar\u00eda de Salud adquirir\u00e1 desfibriladores para todas sus \u00e1reas de trabajo, anunci\u00f3 el Dr. Cuitl\u00e1huac Gonz\u00e1lez Galindo Entrega placa a Tecnol\u00f3gico de Monterrey, Campus Sinaloa, como Espacio Cardio Protegidos Culiac\u00e1n, Sinaloa, 29 de septiembre de 2023.- En el marcodel D\u00eda Mundial del Coraz\u00f3n, celebrado este viernes, el Secretario de [&hellip;]<\/p>\n","protected":false},"author":1,"featured_media":14865,"comment_status":"closed","ping_status":"open","sticky":false,"template":"","format":"standard","meta":{"footnotes":""},"categories":[4,3],"tags":[],"class_list":["post-14864","post","type-post","status-publish","format-standard","has-post-thumbnail","hentry","category-boletines-prensa","category-prensa"],"_links":{"self":[{"href":"https:\/\/saludsinaloa.gob.mx\/index.php\/wp-json\/wp\/v2\/posts\/14864","targetHints":{"allow":["GET"]}}],"collection":[{"href":"https:\/\/saludsinaloa.gob.mx\/index.php\/wp-json\/wp\/v2\/posts"}],"about":[{"href":"https:\/\/saludsinaloa.gob.mx\/index.php\/wp-json\/wp\/v2\/types\/post"}],"author":[{"embeddable":true,"href":"https:\/\/saludsinaloa.gob.mx\/index.php\/wp-json\/wp\/v2\/users\/1"}],"replies":[{"embeddable":true,"href":"https:\/\/saludsinaloa.gob.mx\/index.php\/wp-json\/wp\/v2\/comments?post=14864"}],"version-history":[{"count":1,"href":"https:\/\/saludsinaloa.gob.mx\/index.php\/wp-json\/wp\/v2\/posts\/14864\/revisions"}],"predecessor-version":[{"id":14866,"href":"https:\/\/saludsinaloa.gob.mx\/index.php\/wp-json\/wp\/v2\/posts\/14864\/revisions\/14866"}],"wp:featuredmedia":[{"embeddable":true,"href":"https:\/\/saludsinaloa.gob.mx\/index.php\/wp-json\/wp\/v2\/media\/14865"}],"wp:attachment":[{"href":"https:\/\/saludsinaloa.gob.mx\/index.php\/wp-json\/wp\/v2\/media?parent=14864"}],"wp:term":[{"taxonomy":"category","embeddable":true,"href":"https:\/\/saludsinaloa.gob.mx\/index.php\/wp-json\/wp\/v2\/categories?post=14864"},{"taxonomy":"post_tag","embeddable":true,"href":"https:\/\/saludsinaloa.gob.mx\/index.php\/wp-json\/wp\/v2\/tags?post=14864"}],"curies":[{"name":"wp","href":"https:\/\/api.w.org\/{rel}","templated":true}]}}