{"id":14361,"date":"2023-02-15T09:37:51","date_gmt":"2023-02-15T09:37:51","guid":{"rendered":"http:\/\/saludsinaloa.gob.mx\/?p=14361"},"modified":"2023-02-23T17:38:27","modified_gmt":"2023-02-23T17:38:27","slug":"se-graduan-18-medicos-especialistas-en-el-hospital-general-de-culiacan","status":"publish","type":"post","link":"https:\/\/saludsinaloa.gob.mx\/index.php\/2023\/02\/15\/se-graduan-18-medicos-especialistas-en-el-hospital-general-de-culiacan\/","title":{"rendered":"Se grad\u00faan 18 m\u00e9dicos especialistas en el Hospital General de Culiac\u00e1n"},"content":{"rendered":"<p style=\"text-align: center;\"><strong>Se grad\u00faan 18 m\u00e9dicos especialistas en el Hospital General de Culiac\u00e1n<\/strong><\/p>\n<p><strong>Culiac\u00e1n, Sinaloa, mi\u00e9rcoles 15 de febrero de 2023.-<\/strong> El sector Salud de Sinaloa sigue formando talento humano en medicina, este mi\u00e9rcoles, recibieron su constancia de especialidad 18 m\u00e9dicos que culminaron exitosamente su formaci\u00f3n acad\u00e9mica en el Hospital General de Culiac\u00e1n.<\/p>\n<p>Las especialidades en las que se formaron los ahora graduados son Anestesiolog\u00eda (7), Cirug\u00eda General (3), Medicina Interna (4) y Medicina del Enfermo en estado Cr\u00edtico (4).<\/p>\n<p>Durante el acto acad\u00e9mico, el Secretario de Salud de Sinaloa, Dr. Cuitl\u00e1huac Gonz\u00e1lez Galindo, reconoci\u00f3 la dedicaci\u00f3n de las y los especialistas que culminaron su proceso de formaci\u00f3n acad\u00e9mica, y los invit\u00f3 a continuar el proceso de capacitaci\u00f3n para que d\u00eda a d\u00eda mejoren la calidad del servicio que brindar\u00e1n a sus futuros pacientes.<\/p>\n<p>El tambi\u00e9n director general de los Servicios de Salud de Sinaloa, refrend\u00f3 su respaldo para fortalecer el programa Educaci\u00f3n M\u00e9dica Continua, y mejorar las condiciones de estudio de los m\u00e9dicos; al finalizar este emotivo evento, el Dr. Gonz\u00e1lez Galindo, se dirigi\u00f3 a los graduados, y les dijo \u201cvivan una vida que los haga sentir orgullosos, eso es lo principal, cada uno de nosotros que tenga claro sus principios, que tenga claro a qu\u00e9 vino, qu\u00e9 tenga claro porque son m\u00e9dicos y todo lo dem\u00e1s les va a llegar, los felicito\u201d.<\/p>\n<p>La directora del Hospital General de Culiac\u00e1n, Dra. Sara Carmina Armenta Meneses, se\u00f1al\u00f3 que es un honor que a 33 a\u00f1os de la fundaci\u00f3n del nosocomio, este siga formando y recibiendo generaciones de m\u00e9dicos y m\u00e9dicas, prepar\u00e1ndolos con las bases para su desempe\u00f1o como especialistas de alto nivel.<\/p>\n","protected":false},"excerpt":{"rendered":"<p>Se grad\u00faan 18 m\u00e9dicos especialistas en el Hospital General de Culiac\u00e1n Culiac\u00e1n, Sinaloa, mi\u00e9rcoles 15 de febrero de 2023.- El sector Salud de Sinaloa sigue formando talento humano en medicina, este mi\u00e9rcoles, recibieron su constancia de especialidad 18 m\u00e9dicos que culminaron exitosamente su formaci\u00f3n acad\u00e9mica en el Hospital General de Culiac\u00e1n. Las especialidades en las [&hellip;]<\/p>\n","protected":false},"author":1,"featured_media":14362,"comment_status":"closed","ping_status":"open","sticky":false,"template":"","format":"standard","meta":{"footnotes":""},"categories":[4,3],"tags":[],"class_list":["post-14361","post","type-post","status-publish","format-standard","has-post-thumbnail","hentry","category-boletines-prensa","category-prensa"],"_links":{"self":[{"href":"https:\/\/saludsinaloa.gob.mx\/index.php\/wp-json\/wp\/v2\/posts\/14361","targetHints":{"allow":["GET"]}}],"collection":[{"href":"https:\/\/saludsinaloa.gob.mx\/index.php\/wp-json\/wp\/v2\/posts"}],"about":[{"href":"https:\/\/saludsinaloa.gob.mx\/index.php\/wp-json\/wp\/v2\/types\/post"}],"author":[{"embeddable":true,"href":"https:\/\/saludsinaloa.gob.mx\/index.php\/wp-json\/wp\/v2\/users\/1"}],"replies":[{"embeddable":true,"href":"https:\/\/saludsinaloa.gob.mx\/index.php\/wp-json\/wp\/v2\/comments?post=14361"}],"version-history":[{"count":1,"href":"https:\/\/saludsinaloa.gob.mx\/index.php\/wp-json\/wp\/v2\/posts\/14361\/revisions"}],"predecessor-version":[{"id":14363,"href":"https:\/\/saludsinaloa.gob.mx\/index.php\/wp-json\/wp\/v2\/posts\/14361\/revisions\/14363"}],"wp:featuredmedia":[{"embeddable":true,"href":"https:\/\/saludsinaloa.gob.mx\/index.php\/wp-json\/wp\/v2\/media\/14362"}],"wp:attachment":[{"href":"https:\/\/saludsinaloa.gob.mx\/index.php\/wp-json\/wp\/v2\/media?parent=14361"}],"wp:term":[{"taxonomy":"category","embeddable":true,"href":"https:\/\/saludsinaloa.gob.mx\/index.php\/wp-json\/wp\/v2\/categories?post=14361"},{"taxonomy":"post_tag","embeddable":true,"href":"https:\/\/saludsinaloa.gob.mx\/index.php\/wp-json\/wp\/v2\/tags?post=14361"}],"curies":[{"name":"wp","href":"https:\/\/api.w.org\/{rel}","templated":true}]}}