{"id":14175,"date":"2022-12-12T10:38:10","date_gmt":"2022-12-12T10:38:10","guid":{"rendered":"http:\/\/saludsinaloa.gob.mx\/?p=14175"},"modified":"2022-12-19T15:38:54","modified_gmt":"2022-12-19T15:38:54","slug":"secretaria-de-salud-supervisara-la-operacion-de-clinicas-en-la-entidad","status":"publish","type":"post","link":"https:\/\/saludsinaloa.gob.mx\/index.php\/2022\/12\/12\/secretaria-de-salud-supervisara-la-operacion-de-clinicas-en-la-entidad\/","title":{"rendered":"Secretar\u00eda de Salud supervisar\u00e1 la operaci\u00f3n de cl\u00ednicas en la entidad"},"content":{"rendered":"<p style=\"text-align: center;\"><strong>Secretar\u00eda de Salud supervisar\u00e1 la operaci\u00f3n de cl\u00ednicas en la entidad<\/strong><\/p>\n<p>&#8211; El Secretario Dr. Cuitl\u00e1huac Gonz\u00e1lez Galindo dio a conocer que se estar\u00e1n reuniendo con directivos de nosocomios p\u00fablicos y privados para darles a conocer las acciones a realizar en materia de prevenci\u00f3n.<\/p>\n<p><strong>Culiac\u00e1n, Sinaloa, lunes 12 de diciembre de 2022.-<\/strong> Para evitar que en Sinaloa se presenten casos, como los recientemente ocurridos en el vecino estado de Durango, la Secretar\u00eda de Salud de Sinaloa en breve sostendr\u00e1 una reuni\u00f3n con los directivos de instituciones p\u00fablicas y privadas, con el objetivo de prevenir posibles brotes de infecciones derivadas por malas pr\u00e1cticas.<\/p>\n<p>Dicha reuni\u00f3n, dio a conocer el Secretario de Salud, Dr. Cuitl\u00e1huac Gonz\u00e1lez Galindo, se realizar\u00e1 en coordinaci\u00f3n con la Comisi\u00f3n Estatal para la Protecci\u00f3n contra Riesgos Sanitarios de Sinaloa (COEPRISS), cuyo objetivo ser\u00e1 darles a conocer que, a partir de la fecha, se estar\u00e1n realizando una serie de supervisiones a sus instalaciones, insumos y medicamentos de las unidades de salud para verificar que se est\u00e9n cumpliendo con los lineamientos de Salud.<\/p>\n<p>El funcionario precis\u00f3 que \u201cpara nosotros es muy importante estar haciendo evaluaciones en las cl\u00ednicas, esta semana vamos a tener una reuni\u00f3n, se va a convocar a directores de cl\u00ednicas privadas donde se va a tocar el tema precisamente de la meningitis, entre otros tantos temas que tenemos que hacer, aqu\u00ed vamos a participar tanto el \u00e1rea de prevenci\u00f3n como el \u00e1rea de Coepriss y esto va a ser muy importante porque ocupamos que ellos sepan lo que vamos a estar haciendo, que va a ser supervisi\u00f3n, se va a continuar con la supervisi\u00f3n importante en todas las unidades privadas con la finalidad de que no vaya a pasar lo que est\u00e1 pasando en Durango\u201d.<\/p>\n<p>El tambi\u00e9n director general de los Servicios de Salud en Sinaloa, destac\u00f3 la importancia de tomar las medidas necesarias de prevenci\u00f3n en todos los nosocomios de la entidad con la finalidad de evitar problemas de salud que pudieran afectar a la poblaci\u00f3n.<\/p>\n<p>Gonz\u00e1lez Galindo precis\u00f3 que, hasta el momento, en Sinaloa no se han detectado casos de meningitis as\u00e9ptica en la entidad, pero, se mantiene en alerta el sistema de Salud estatal para evitar cualquier contingencia.<\/p>\n","protected":false},"excerpt":{"rendered":"<p>Secretar\u00eda de Salud supervisar\u00e1 la operaci\u00f3n de cl\u00ednicas en la entidad &#8211; El Secretario Dr. Cuitl\u00e1huac Gonz\u00e1lez Galindo dio a conocer que se estar\u00e1n reuniendo con directivos de nosocomios p\u00fablicos y privados para darles a conocer las acciones a realizar en materia de prevenci\u00f3n. Culiac\u00e1n, Sinaloa, lunes 12 de diciembre de 2022.- Para evitar que [&hellip;]<\/p>\n","protected":false},"author":1,"featured_media":14176,"comment_status":"closed","ping_status":"open","sticky":false,"template":"","format":"standard","meta":{"footnotes":""},"categories":[4,3],"tags":[],"class_list":["post-14175","post","type-post","status-publish","format-standard","has-post-thumbnail","hentry","category-boletines-prensa","category-prensa"],"_links":{"self":[{"href":"https:\/\/saludsinaloa.gob.mx\/index.php\/wp-json\/wp\/v2\/posts\/14175","targetHints":{"allow":["GET"]}}],"collection":[{"href":"https:\/\/saludsinaloa.gob.mx\/index.php\/wp-json\/wp\/v2\/posts"}],"about":[{"href":"https:\/\/saludsinaloa.gob.mx\/index.php\/wp-json\/wp\/v2\/types\/post"}],"author":[{"embeddable":true,"href":"https:\/\/saludsinaloa.gob.mx\/index.php\/wp-json\/wp\/v2\/users\/1"}],"replies":[{"embeddable":true,"href":"https:\/\/saludsinaloa.gob.mx\/index.php\/wp-json\/wp\/v2\/comments?post=14175"}],"version-history":[{"count":1,"href":"https:\/\/saludsinaloa.gob.mx\/index.php\/wp-json\/wp\/v2\/posts\/14175\/revisions"}],"predecessor-version":[{"id":14177,"href":"https:\/\/saludsinaloa.gob.mx\/index.php\/wp-json\/wp\/v2\/posts\/14175\/revisions\/14177"}],"wp:featuredmedia":[{"embeddable":true,"href":"https:\/\/saludsinaloa.gob.mx\/index.php\/wp-json\/wp\/v2\/media\/14176"}],"wp:attachment":[{"href":"https:\/\/saludsinaloa.gob.mx\/index.php\/wp-json\/wp\/v2\/media?parent=14175"}],"wp:term":[{"taxonomy":"category","embeddable":true,"href":"https:\/\/saludsinaloa.gob.mx\/index.php\/wp-json\/wp\/v2\/categories?post=14175"},{"taxonomy":"post_tag","embeddable":true,"href":"https:\/\/saludsinaloa.gob.mx\/index.php\/wp-json\/wp\/v2\/tags?post=14175"}],"curies":[{"name":"wp","href":"https:\/\/api.w.org\/{rel}","templated":true}]}}