{"id":13854,"date":"2022-09-15T11:40:08","date_gmt":"2022-09-15T11:40:08","guid":{"rendered":"http:\/\/saludsinaloa.gob.mx\/?p=13854"},"modified":"2022-09-27T15:40:50","modified_gmt":"2022-09-27T15:40:50","slug":"secretaria-de-salud-reactiva-el-programa-de-trasplantes-en-el-hospital-general-de-culiacan","status":"publish","type":"post","link":"https:\/\/saludsinaloa.gob.mx\/index.php\/2022\/09\/15\/secretaria-de-salud-reactiva-el-programa-de-trasplantes-en-el-hospital-general-de-culiacan\/","title":{"rendered":"Secretar\u00eda de Salud reactiva el programa de trasplantes en el Hospital General de Culiac\u00e1n"},"content":{"rendered":"<div style=\"text-align: center;\"><b>Secretar\u00eda de Salud reactiva el programa de trasplantes en el Hospital General de Culiac\u00e1n<\/b><\/div>\n<p>\u2022 Se realizan dos trasplantes de c\u00f3rnea de manera exitosa a paciente masculino de 68 a\u00f1os y paciente femenino de 12 a\u00f1os.<\/p>\n<p><b>Culiac\u00e1n, Sinaloa, jueves 15 de septiembre de 2022.-<\/b>\u00a0Con \u00e9xito total, la Secretar\u00eda de Salud de Sinaloa da a conocer la reactivaci\u00f3n del programa de trasplantes a trav\u00e9s de la realizaci\u00f3n de trasplante de c\u00f3rnea a dos pacientes en el Hospital General de Culiac\u00e1n.<\/p>\n<p>Por instrucciones del Secretario de Salud, Dr. Cuitl\u00e1huac Gonz\u00e1lez Galindo, de reactivar los procedimientos de trasplantes en este nosocomio es que se llevaron a cabo estas dos primeras cirug\u00edas despu\u00e9s de una pausa desde el a\u00f1o 2019 por motivo de la pandemia de COVID-19, inform\u00f3 el Dr. Alfredo Avil\u00e9s L\u00f3pez, director general del Hospital General de Culiac\u00e1n.<\/p>\n<p>\u201cDespu\u00e9s de varias reuniones que se tuvo con la Secretar\u00eda de Salud, a trav\u00e9s del Dr. Cuitl\u00e1huac Gonz\u00e1lez que nos citaba a reuniones, en donde nos ped\u00eda la activaci\u00f3n de los programas de trasplantes en nuestro hospital despu\u00e9s de haber estado toda la pandemia de Covid parado pr\u00e1cticamente por indicaciones del CENATRA, Centro Nacional de Trasplantes, y una vez que ellos dieron la indicaci\u00f3n que se reactivaran los programas ya nos dieron la indicaci\u00f3n tambi\u00e9n de la secretar\u00eda y nos abocamos a trabajar y en esta semana logramos concretar esa donaci\u00f3n de esas dos c\u00f3rneas y hoy se culmin\u00f3 con el trasplante de las mismas\u201d, detall\u00f3.<\/p>\n<p>El galeno especific\u00f3 que los pacientes beneficiados son originarios del municipio de Culiac\u00e1n, el primero en recibir su trasplante es masculino de 68 a\u00f1os de edad, mientras que la segunda es una paciente femenino de 12 a\u00f1os de edad, quienes despu\u00e9s de una serie de estudios fueron los candidatos id\u00f3neos para dicho procedimiento.<\/p>\n<p>El donante, paciente masculino de 42 a\u00f1os, quien falleci\u00f3 por paro cardiaco y su familia acept\u00f3 realizar la donaci\u00f3n de c\u00f3rneas para que otras personas tuvieran una oportunidad de mejorar su salud y su vida.<\/p>\n<p>Por su parte, Gonz\u00e1lez Galindo, tambi\u00e9n director general de los Servicios de Salud de Sinaloa, acudi\u00f3 a las instalaciones del Hospital General de Culiac\u00e1n para supervisar personalmente el proceso de recuperaci\u00f3n de ambos pacientes y estar pendiente de la correcta evoluci\u00f3n de los casos.<\/p>\n","protected":false},"excerpt":{"rendered":"<p>Secretar\u00eda de Salud reactiva el programa de trasplantes en el Hospital General de Culiac\u00e1n \u2022 Se realizan dos trasplantes de c\u00f3rnea de manera exitosa a paciente masculino de 68 a\u00f1os y paciente femenino de 12 a\u00f1os. Culiac\u00e1n, Sinaloa, jueves 15 de septiembre de 2022.-\u00a0Con \u00e9xito total, la Secretar\u00eda de Salud de Sinaloa da a conocer [&hellip;]<\/p>\n","protected":false},"author":1,"featured_media":13855,"comment_status":"closed","ping_status":"open","sticky":false,"template":"","format":"standard","meta":{"footnotes":""},"categories":[4,3],"tags":[],"class_list":["post-13854","post","type-post","status-publish","format-standard","has-post-thumbnail","hentry","category-boletines-prensa","category-prensa"],"_links":{"self":[{"href":"https:\/\/saludsinaloa.gob.mx\/index.php\/wp-json\/wp\/v2\/posts\/13854","targetHints":{"allow":["GET"]}}],"collection":[{"href":"https:\/\/saludsinaloa.gob.mx\/index.php\/wp-json\/wp\/v2\/posts"}],"about":[{"href":"https:\/\/saludsinaloa.gob.mx\/index.php\/wp-json\/wp\/v2\/types\/post"}],"author":[{"embeddable":true,"href":"https:\/\/saludsinaloa.gob.mx\/index.php\/wp-json\/wp\/v2\/users\/1"}],"replies":[{"embeddable":true,"href":"https:\/\/saludsinaloa.gob.mx\/index.php\/wp-json\/wp\/v2\/comments?post=13854"}],"version-history":[{"count":1,"href":"https:\/\/saludsinaloa.gob.mx\/index.php\/wp-json\/wp\/v2\/posts\/13854\/revisions"}],"predecessor-version":[{"id":13856,"href":"https:\/\/saludsinaloa.gob.mx\/index.php\/wp-json\/wp\/v2\/posts\/13854\/revisions\/13856"}],"wp:featuredmedia":[{"embeddable":true,"href":"https:\/\/saludsinaloa.gob.mx\/index.php\/wp-json\/wp\/v2\/media\/13855"}],"wp:attachment":[{"href":"https:\/\/saludsinaloa.gob.mx\/index.php\/wp-json\/wp\/v2\/media?parent=13854"}],"wp:term":[{"taxonomy":"category","embeddable":true,"href":"https:\/\/saludsinaloa.gob.mx\/index.php\/wp-json\/wp\/v2\/categories?post=13854"},{"taxonomy":"post_tag","embeddable":true,"href":"https:\/\/saludsinaloa.gob.mx\/index.php\/wp-json\/wp\/v2\/tags?post=13854"}],"curies":[{"name":"wp","href":"https:\/\/api.w.org\/{rel}","templated":true}]}}