{"id":13811,"date":"2022-09-01T11:12:49","date_gmt":"2022-09-01T11:12:49","guid":{"rendered":"http:\/\/saludsinaloa.gob.mx\/?p=13811"},"modified":"2022-09-01T19:13:54","modified_gmt":"2022-09-01T19:13:54","slug":"secretario-de-salud-designa-nuevo-director-del-instituto-sinaloense-de-cancerologia","status":"publish","type":"post","link":"https:\/\/saludsinaloa.gob.mx\/index.php\/2022\/09\/01\/secretario-de-salud-designa-nuevo-director-del-instituto-sinaloense-de-cancerologia\/","title":{"rendered":"Secretario de Salud designa nuevo director del Instituto Sinaloense de Cancerolog\u00eda"},"content":{"rendered":"<p style=\"text-align: center;\"><strong>Secretario de Salud designa nuevo director del Instituto Sinaloense de Cancerolog\u00eda<\/strong><\/p>\n<p><strong>Culiac\u00e1n, Sinaloa, 1 de septiembre de 2022.-<\/strong> Este jueves en cumplimiento a la instrucci\u00f3n del Secretario de Salud y Director General de los Servicios de Salud de Sinaloa, Dr. Cuitl\u00e1huac Gonz\u00e1lez Galindo, se realiz\u00f3 el cambio de titular en la direcci\u00f3n del Instituto Sinaloense de Cancerolog\u00eda.<\/p>\n<p>Ante el personal de la instituci\u00f3n, la Dra. Ivette Palma Valle hizo entrega formal de la administraci\u00f3n al nuevo titular de la dependencia, Dr. Julio C\u00e9sar \u00c1lvarez Ibarra.<\/p>\n<p>El nuevo funcionario estatal, al dirigirse con el personal hizo el compromiso de continuar con el programa de atenci\u00f3n a la poblaci\u00f3n como prioridad de salud p\u00fablica, en cumplimiento a las directrices dictadas por el Secretario de Salud, Dr. Cuitl\u00e1huac Gonz\u00e1lez Galindo, las cuales, se desprenden del plan estatal de desarrollo del gobierno que encabeza el Dr. Rub\u00e9n Rocha Moya.<\/p>\n","protected":false},"excerpt":{"rendered":"<p>Secretario de Salud designa nuevo director del Instituto Sinaloense de Cancerolog\u00eda Culiac\u00e1n, Sinaloa, 1 de septiembre de 2022.- Este jueves en cumplimiento a la instrucci\u00f3n del Secretario de Salud y Director General de los Servicios de Salud de Sinaloa, Dr. Cuitl\u00e1huac Gonz\u00e1lez Galindo, se realiz\u00f3 el cambio de titular en la direcci\u00f3n del Instituto Sinaloense [&hellip;]<\/p>\n","protected":false},"author":1,"featured_media":13812,"comment_status":"closed","ping_status":"open","sticky":false,"template":"","format":"standard","meta":{"footnotes":""},"categories":[4,3],"tags":[],"class_list":["post-13811","post","type-post","status-publish","format-standard","has-post-thumbnail","hentry","category-boletines-prensa","category-prensa"],"_links":{"self":[{"href":"https:\/\/saludsinaloa.gob.mx\/index.php\/wp-json\/wp\/v2\/posts\/13811","targetHints":{"allow":["GET"]}}],"collection":[{"href":"https:\/\/saludsinaloa.gob.mx\/index.php\/wp-json\/wp\/v2\/posts"}],"about":[{"href":"https:\/\/saludsinaloa.gob.mx\/index.php\/wp-json\/wp\/v2\/types\/post"}],"author":[{"embeddable":true,"href":"https:\/\/saludsinaloa.gob.mx\/index.php\/wp-json\/wp\/v2\/users\/1"}],"replies":[{"embeddable":true,"href":"https:\/\/saludsinaloa.gob.mx\/index.php\/wp-json\/wp\/v2\/comments?post=13811"}],"version-history":[{"count":1,"href":"https:\/\/saludsinaloa.gob.mx\/index.php\/wp-json\/wp\/v2\/posts\/13811\/revisions"}],"predecessor-version":[{"id":13813,"href":"https:\/\/saludsinaloa.gob.mx\/index.php\/wp-json\/wp\/v2\/posts\/13811\/revisions\/13813"}],"wp:featuredmedia":[{"embeddable":true,"href":"https:\/\/saludsinaloa.gob.mx\/index.php\/wp-json\/wp\/v2\/media\/13812"}],"wp:attachment":[{"href":"https:\/\/saludsinaloa.gob.mx\/index.php\/wp-json\/wp\/v2\/media?parent=13811"}],"wp:term":[{"taxonomy":"category","embeddable":true,"href":"https:\/\/saludsinaloa.gob.mx\/index.php\/wp-json\/wp\/v2\/categories?post=13811"},{"taxonomy":"post_tag","embeddable":true,"href":"https:\/\/saludsinaloa.gob.mx\/index.php\/wp-json\/wp\/v2\/tags?post=13811"}],"curies":[{"name":"wp","href":"https:\/\/api.w.org\/{rel}","templated":true}]}}