{"id":13735,"date":"2022-08-08T10:13:18","date_gmt":"2022-08-08T10:13:18","guid":{"rendered":"http:\/\/saludsinaloa.gob.mx\/?p=13735"},"modified":"2022-08-11T16:14:04","modified_gmt":"2022-08-11T16:14:04","slug":"salud-y-sepyc-reforzaran-conjuntamente-medidas-sanitarias-ante-proximidad-del-ciclo-escolar-2022-2023","status":"publish","type":"post","link":"https:\/\/saludsinaloa.gob.mx\/index.php\/2022\/08\/08\/salud-y-sepyc-reforzaran-conjuntamente-medidas-sanitarias-ante-proximidad-del-ciclo-escolar-2022-2023\/","title":{"rendered":"Salud y SEPyC reforzar\u00e1n conjuntamente medidas sanitarias ante proximidad del ciclo escolar 2022-2023"},"content":{"rendered":"<p>&nbsp;<\/p>\n<p style=\"text-align: center;\"><strong>Salud y SEPyC reforzar\u00e1n conjuntamente medidas sanitarias ante proximidad del ciclo escolar 2022-2023<\/strong><\/p>\n<p>* En Sinaloa no hay casos activos ni sospechosos de viruela del mono.<\/p>\n<p><strong>Culiac\u00e1n, Sinaloa a 8 de agosto de 2022.-<\/strong> Al estar pr\u00f3ximo el regreso a clases, se tomar\u00e1n las medidas de prevenci\u00f3n necesarias en las escuelas para evitar la propagaci\u00f3n de la enfermedad de Viruela del Mono, inform\u00f3 la Secretaria de Salud.<\/p>\n<p>El Secretario de Salud y Director de los Servicios de Salud de Sinaloa, Dr. Cuitl\u00e1huac Gonz\u00e1lez Galindo, asegur\u00f3 que se estar\u00e1n enviando las indicaciones preventivas a cada una de las instituciones educativas y agreg\u00f3 que \u201cvamos a estar pendiente y daremos indicaciones para vigilar la entrada de los ni\u00f1os, revisar la piel, sobre todo ese aspecto, y los s\u00edntomas como dolores de garganta, fiebre, adenopat\u00edas y ganglios\u201d.<\/p>\n<p>El Dr. Gonz\u00e1lez Galindo, reiter\u00f3 que actualmente no existe ning\u00fan caso activo ni sospechoso de viruela del mono en el estado, pero siguen realizando las campa\u00f1as de prevenci\u00f3n para evitar cualquier posible contagio.<\/p>\n","protected":false},"excerpt":{"rendered":"<p>&nbsp; Salud y SEPyC reforzar\u00e1n conjuntamente medidas sanitarias ante proximidad del ciclo escolar 2022-2023 * En Sinaloa no hay casos activos ni sospechosos de viruela del mono. Culiac\u00e1n, Sinaloa a 8 de agosto de 2022.- Al estar pr\u00f3ximo el regreso a clases, se tomar\u00e1n las medidas de prevenci\u00f3n necesarias en las escuelas para evitar la [&hellip;]<\/p>\n","protected":false},"author":1,"featured_media":13736,"comment_status":"closed","ping_status":"open","sticky":false,"template":"","format":"standard","meta":{"footnotes":""},"categories":[4,3],"tags":[],"class_list":["post-13735","post","type-post","status-publish","format-standard","has-post-thumbnail","hentry","category-boletines-prensa","category-prensa"],"_links":{"self":[{"href":"https:\/\/saludsinaloa.gob.mx\/index.php\/wp-json\/wp\/v2\/posts\/13735","targetHints":{"allow":["GET"]}}],"collection":[{"href":"https:\/\/saludsinaloa.gob.mx\/index.php\/wp-json\/wp\/v2\/posts"}],"about":[{"href":"https:\/\/saludsinaloa.gob.mx\/index.php\/wp-json\/wp\/v2\/types\/post"}],"author":[{"embeddable":true,"href":"https:\/\/saludsinaloa.gob.mx\/index.php\/wp-json\/wp\/v2\/users\/1"}],"replies":[{"embeddable":true,"href":"https:\/\/saludsinaloa.gob.mx\/index.php\/wp-json\/wp\/v2\/comments?post=13735"}],"version-history":[{"count":1,"href":"https:\/\/saludsinaloa.gob.mx\/index.php\/wp-json\/wp\/v2\/posts\/13735\/revisions"}],"predecessor-version":[{"id":13737,"href":"https:\/\/saludsinaloa.gob.mx\/index.php\/wp-json\/wp\/v2\/posts\/13735\/revisions\/13737"}],"wp:featuredmedia":[{"embeddable":true,"href":"https:\/\/saludsinaloa.gob.mx\/index.php\/wp-json\/wp\/v2\/media\/13736"}],"wp:attachment":[{"href":"https:\/\/saludsinaloa.gob.mx\/index.php\/wp-json\/wp\/v2\/media?parent=13735"}],"wp:term":[{"taxonomy":"category","embeddable":true,"href":"https:\/\/saludsinaloa.gob.mx\/index.php\/wp-json\/wp\/v2\/categories?post=13735"},{"taxonomy":"post_tag","embeddable":true,"href":"https:\/\/saludsinaloa.gob.mx\/index.php\/wp-json\/wp\/v2\/tags?post=13735"}],"curies":[{"name":"wp","href":"https:\/\/api.w.org\/{rel}","templated":true}]}}