{"id":13584,"date":"2022-07-12T11:04:27","date_gmt":"2022-07-12T11:04:27","guid":{"rendered":"http:\/\/saludsinaloa.gob.mx\/?p=13584"},"modified":"2022-07-12T20:05:33","modified_gmt":"2022-07-12T20:05:33","slug":"continua-jornada-de-vacunacion-para-ninos-con-discapacidad","status":"publish","type":"post","link":"https:\/\/saludsinaloa.gob.mx\/index.php\/2022\/07\/12\/continua-jornada-de-vacunacion-para-ninos-con-discapacidad\/","title":{"rendered":"Contin\u00faa Jornada de Vacunaci\u00f3n para ni\u00f1os con discapacidad"},"content":{"rendered":"<p>&nbsp;<\/p>\n<div style=\"text-align: center;\"><b>Contin\u00faa Jornada de Vacunaci\u00f3n para ni\u00f1os con discapacidad<\/b><\/div>\n<p><b>Culiac\u00e1n, Sinaloa, a 12 de julio 2022.-\u00a0<\/b>Durante la segunda Jornada de Vacunaci\u00f3n a ni\u00f1os de 5 a 11 a\u00f1os de edad con alguna discapacidad, el Secretario de Salud de Sinaloa, hizo un llamado a los padres de familia para no desaprovechar la oportunidad de que los menores reciban su vacuna contra el COVID-19.<\/p>\n<p>El Dr. Cuitl\u00e1huac Gonz\u00e1lez Galindo, Secretario de Salud, reiter\u00f3 la importancia de inmunizar a los menores, ya que es responsabilidad de los padres de familia garantizar la salud a los ni\u00f1os, especialmente aquellos que padecen alguna discapacidad.<\/p>\n<p>\u201cQueremos informarles a todos los padres de familia y a todos aquellos ni\u00f1os que tengan alguna discapacidad, que pueden venir aqu\u00ed a recibir su vacuna de 5 a 11 a\u00f1os, desde el d\u00eda de ayer hemos estado en este proceso, hemos tenido muy activos a los j\u00f3venes de IMSS que han estado aplicando y las compa\u00f1eras de Bienestar que nos han estado ayudando bastante\u201d, reiter\u00f3 el Secretario de Salud.<\/p>\n<p>El Dr. Gonz\u00e1lez Galindo invit\u00f3 a los padres de familia para acudir con sus menores hijos al m\u00f3dulo de vacunaci\u00f3n instalado en el Centro de Rehabilitaci\u00f3n y Educaci\u00f3n Especial (CREE) del Sistema DIF Sinaloa, ubicado en el Blvd. Miguel Tamayo Espinoza de los Monteros, Desarrollo Urbano 3 R\u00edos, en esta ciudad capital.<\/p>\n<p>La sede de vacunaci\u00f3n estar\u00e1 activa de manera permanente para la aplicaci\u00f3n del biol\u00f3gico a menores de 5 a 11 a\u00f1os de edad con alguna discapacidad y adolescentes de 12 a 17 a\u00f1os, para recibir el biol\u00f3gico contra el COVID-19 puede realizar el registro en el portal\u00a0<a href=\"http:\/\/mivacuna.salud.gob.mx\/\" target=\"_blank\" rel=\"noopener noreferrer\" data-saferedirecturl=\"https:\/\/www.google.com\/url?q=http:\/\/mivacuna.salud.gob.mx&amp;source=gmail&amp;ust=1657742648186000&amp;usg=AOvVaw2Je4pWMUSYJValh5gEhTIl\">mivacuna.salud.gob.mx<\/a><\/p>\n","protected":false},"excerpt":{"rendered":"<p>&nbsp; Contin\u00faa Jornada de Vacunaci\u00f3n para ni\u00f1os con discapacidad Culiac\u00e1n, Sinaloa, a 12 de julio 2022.-\u00a0Durante la segunda Jornada de Vacunaci\u00f3n a ni\u00f1os de 5 a 11 a\u00f1os de edad con alguna discapacidad, el Secretario de Salud de Sinaloa, hizo un llamado a los padres de familia para no desaprovechar la oportunidad de que los [&hellip;]<\/p>\n","protected":false},"author":1,"featured_media":13585,"comment_status":"closed","ping_status":"open","sticky":false,"template":"","format":"standard","meta":{"footnotes":""},"categories":[4,3],"tags":[],"class_list":["post-13584","post","type-post","status-publish","format-standard","has-post-thumbnail","hentry","category-boletines-prensa","category-prensa"],"_links":{"self":[{"href":"https:\/\/saludsinaloa.gob.mx\/index.php\/wp-json\/wp\/v2\/posts\/13584","targetHints":{"allow":["GET"]}}],"collection":[{"href":"https:\/\/saludsinaloa.gob.mx\/index.php\/wp-json\/wp\/v2\/posts"}],"about":[{"href":"https:\/\/saludsinaloa.gob.mx\/index.php\/wp-json\/wp\/v2\/types\/post"}],"author":[{"embeddable":true,"href":"https:\/\/saludsinaloa.gob.mx\/index.php\/wp-json\/wp\/v2\/users\/1"}],"replies":[{"embeddable":true,"href":"https:\/\/saludsinaloa.gob.mx\/index.php\/wp-json\/wp\/v2\/comments?post=13584"}],"version-history":[{"count":1,"href":"https:\/\/saludsinaloa.gob.mx\/index.php\/wp-json\/wp\/v2\/posts\/13584\/revisions"}],"predecessor-version":[{"id":13586,"href":"https:\/\/saludsinaloa.gob.mx\/index.php\/wp-json\/wp\/v2\/posts\/13584\/revisions\/13586"}],"wp:featuredmedia":[{"embeddable":true,"href":"https:\/\/saludsinaloa.gob.mx\/index.php\/wp-json\/wp\/v2\/media\/13585"}],"wp:attachment":[{"href":"https:\/\/saludsinaloa.gob.mx\/index.php\/wp-json\/wp\/v2\/media?parent=13584"}],"wp:term":[{"taxonomy":"category","embeddable":true,"href":"https:\/\/saludsinaloa.gob.mx\/index.php\/wp-json\/wp\/v2\/categories?post=13584"},{"taxonomy":"post_tag","embeddable":true,"href":"https:\/\/saludsinaloa.gob.mx\/index.php\/wp-json\/wp\/v2\/tags?post=13584"}],"curies":[{"name":"wp","href":"https:\/\/api.w.org\/{rel}","templated":true}]}}