{"id":13548,"date":"2022-07-01T10:14:16","date_gmt":"2022-07-01T10:14:16","guid":{"rendered":"http:\/\/saludsinaloa.gob.mx\/?p=13548"},"modified":"2022-07-04T16:37:37","modified_gmt":"2022-07-04T16:37:37","slug":"posada-ame-del-hospital-de-la-mujer-un-centro-de-ayuda-integral-para-madres-y-mujeres-embarazadas","status":"publish","type":"post","link":"https:\/\/saludsinaloa.gob.mx\/index.php\/2022\/07\/01\/posada-ame-del-hospital-de-la-mujer-un-centro-de-ayuda-integral-para-madres-y-mujeres-embarazadas\/","title":{"rendered":"Posada AME, del Hospital de la Mujer, un centro de ayuda integral para  \u00a0madres y mujeres embarazadas"},"content":{"rendered":"<p>&nbsp;<\/p>\n<p style=\"font-weight: 400; text-align: center;\"><strong>Posada AME, del Hospital de la Mujer, un centro de ayuda integral para\u00a0<\/strong><strong>\u00a0madres y mujeres embarazadas<\/strong><\/p>\n<p style=\"font-weight: 400;\">\n<p style=\"font-weight: 400;\"><strong>Culiac\u00e1n, Sinaloa, a viernes 1 de julio de 2022.-<\/strong>\u00a0Tania termina su aseo personal, recoge sus pertenencias y se apresura porque tiene una cita muy importante, mientras ella se prepara, a unos metros de distancia una personita se encuentra ansioso esperando, es Mat\u00edas, el hijo de Tania quien, por ser un beb\u00e9 prematuro, requiri\u00f3 de atenci\u00f3n especial y su madre lo alimenta en los cuneros del Hospital de la Mujer.<\/p>\n<p style=\"font-weight: 400;\">Tania est\u00e1 apurada\u2026 cuando habla de su hijo, su rostro se ilumina, brillan sus pupilas y la emoci\u00f3n se desborda en sus palabras; dice que lo llam\u00f3 Mat\u00edas, porque en su significado de origen hebreo, encierra la grandeza de su nacimiento \u201cEs mi Regalo de Dios\u201d se\u00f1ala, sin embargo, por el momento, el peque\u00f1o se encuentra en los cuneros del Hospital de la Mujer, naci\u00f3 el 13 de junio pasado, pero, al no cumplir con el periodo de gestaci\u00f3n, sus pulmones no se hab\u00edan desarrollado requiriendo tratamiento especial, pero tambi\u00e9n derivado de su prematura condici\u00f3n, se contagi\u00f3 con una bacteria que lo oblig\u00f3 a permanecer m\u00e1s tiempo en cuneros.<\/p>\n<p style=\"font-weight: 400;\">Entonces vinieron los primeros problemas\u2026 Tania reside en la comunidad de Juan Aldama, El Tigre, en el vecino municipio de Navolato, por prescripci\u00f3n m\u00e9dica, deb\u00eda darle de comer a Mat\u00edas cada dos horas pero, no tiene en d\u00f3nde quedarse en Culiac\u00e1n, y para ir y venir, requiere de dos horas adem\u00e1s de dinero que no tiene para el traslado; el Departamento de Trabajo Social del Hospital de la Mujer, le informa de la Posada AME, peque\u00f1o espacio con las condiciones necesarias para que una madre, con su beb\u00e9 internado, pueda estar cerca y brindarle el cari\u00f1o complementario al tratamiento m\u00e9dico que requiere.<\/p>\n<p style=\"font-weight: 400;\">\u201cAqu\u00ed aparte de que nos permiten ba\u00f1arnos, a m\u00ed me ayudaron a vendarme los primeros d\u00edas a\u00a0fajarme, porque fue ces\u00e1rea, y tambi\u00e9n nos brindan comida, si ocupamos terapias tambi\u00e9n nos ayudan, platican con nosotras, nos dan consejos y pues la verdad que est\u00e1 muy bien, porque en primero la higiene que te permite andar c\u00f3modo y ya no andas que tienes que irte, porque a veces sale muy gastado estar yendo y viniendo\u201d, explic\u00f3 la madre.<\/p>\n<p style=\"font-weight: 400;\">Tania reconoce que la estancia le ha permitido estar cerca de Mat\u00edas, verlo, sentirlo cerca a pesar de que se encuentra en un cunero, y, al mismo tiempo, tener un lugar c\u00f3modo para descansar y recibir ella misma la atenci\u00f3n m\u00e9dica y psicol\u00f3gica necesaria.<\/p>\n<p style=\"font-weight: 400;\">Luego de casi 15 d\u00edas de internamiento, los pulmones de Mat\u00edas evolucionan, respira por s\u00ed mismo y est\u00e1 por ser dado de alta, pas\u00f3 de ser un beb\u00e9 prematuro de 1.8 kilos al nacer a 2.4 actualmente y con la fortaleza para ir a su casa, en Juan Aldama, El Tigre, donde su familia lo espera; Tania reconoce que el apoyo recibido en la Posada AME, fue invaluable porque le permiti\u00f3 estar lo m\u00e1s cerca de Mat\u00edas su \u201cRegalo de Dios\u201d en los momentos que \u00e9l lo necesitaba.<\/p>\n","protected":false},"excerpt":{"rendered":"<p>&nbsp; Posada AME, del Hospital de la Mujer, un centro de ayuda integral para\u00a0\u00a0madres y mujeres embarazadas Culiac\u00e1n, Sinaloa, a viernes 1 de julio de 2022.-\u00a0Tania termina su aseo personal, recoge sus pertenencias y se apresura porque tiene una cita muy importante, mientras ella se prepara, a unos metros de distancia una personita se encuentra [&hellip;]<\/p>\n","protected":false},"author":1,"featured_media":13549,"comment_status":"closed","ping_status":"open","sticky":false,"template":"","format":"standard","meta":{"footnotes":""},"categories":[4,3],"tags":[],"class_list":["post-13548","post","type-post","status-publish","format-standard","has-post-thumbnail","hentry","category-boletines-prensa","category-prensa"],"_links":{"self":[{"href":"https:\/\/saludsinaloa.gob.mx\/index.php\/wp-json\/wp\/v2\/posts\/13548","targetHints":{"allow":["GET"]}}],"collection":[{"href":"https:\/\/saludsinaloa.gob.mx\/index.php\/wp-json\/wp\/v2\/posts"}],"about":[{"href":"https:\/\/saludsinaloa.gob.mx\/index.php\/wp-json\/wp\/v2\/types\/post"}],"author":[{"embeddable":true,"href":"https:\/\/saludsinaloa.gob.mx\/index.php\/wp-json\/wp\/v2\/users\/1"}],"replies":[{"embeddable":true,"href":"https:\/\/saludsinaloa.gob.mx\/index.php\/wp-json\/wp\/v2\/comments?post=13548"}],"version-history":[{"count":1,"href":"https:\/\/saludsinaloa.gob.mx\/index.php\/wp-json\/wp\/v2\/posts\/13548\/revisions"}],"predecessor-version":[{"id":13550,"href":"https:\/\/saludsinaloa.gob.mx\/index.php\/wp-json\/wp\/v2\/posts\/13548\/revisions\/13550"}],"wp:featuredmedia":[{"embeddable":true,"href":"https:\/\/saludsinaloa.gob.mx\/index.php\/wp-json\/wp\/v2\/media\/13549"}],"wp:attachment":[{"href":"https:\/\/saludsinaloa.gob.mx\/index.php\/wp-json\/wp\/v2\/media?parent=13548"}],"wp:term":[{"taxonomy":"category","embeddable":true,"href":"https:\/\/saludsinaloa.gob.mx\/index.php\/wp-json\/wp\/v2\/categories?post=13548"},{"taxonomy":"post_tag","embeddable":true,"href":"https:\/\/saludsinaloa.gob.mx\/index.php\/wp-json\/wp\/v2\/tags?post=13548"}],"curies":[{"name":"wp","href":"https:\/\/api.w.org\/{rel}","templated":true}]}}