{"id":13529,"date":"2022-06-27T10:45:12","date_gmt":"2022-06-27T10:45:12","guid":{"rendered":"http:\/\/saludsinaloa.gob.mx\/?p=13529"},"modified":"2022-06-28T16:35:08","modified_gmt":"2022-06-28T16:35:08","slug":"inicia-con-exito-la-jornada-de-vacunacion-a-menores-de-5-y-11-anos-de-edad","status":"publish","type":"post","link":"https:\/\/saludsinaloa.gob.mx\/index.php\/2022\/06\/27\/inicia-con-exito-la-jornada-de-vacunacion-a-menores-de-5-y-11-anos-de-edad\/","title":{"rendered":"Inicia con \u00e9xito la Jornada de Vacunaci\u00f3n a menores de 5 y 11 a\u00f1os de edad"},"content":{"rendered":"<div dir=\"auto\">\n<div dir=\"auto\"><\/div>\n<div dir=\"auto\" style=\"text-align: center;\"><strong>Inicia con \u00e9xito la Jornada de Vacunaci\u00f3n a menores de 5 y 11 a\u00f1os de edad<\/strong><\/div>\n<div dir=\"auto\"><\/div>\n<div dir=\"auto\">Culiac\u00e1n, Sinaloa a 27 de junio de 2022.- Con el objetivo de inmunizar a ni\u00f1as y ni\u00f1os contra COVID-19, inicia con \u00e9xito la Jornada de Vacunaci\u00f3n a menores de entre 5 y 11 a\u00f1os de edad, en los municipios de Culiac\u00e1n, Mazatl\u00e1n, Los Mochis y Guasave.<\/div>\n<div dir=\"auto\"><\/div>\n<div dir=\"auto\">Son 48 mil dosis de la farmac\u00e9utica Pfizer pedi\u00e1tricas las destinadas para aplicar en esta jornada, as\u00ed lo inform\u00f3 el Dr. Cuitl\u00e1huac Gonz\u00e1lez Galindo, Secretario de Salud de Sinaloa, adem\u00e1s, puntualiz\u00f3 que seguir\u00e1n llegando m\u00e1s vacunas, con la finalidad de priorizar la aplicaci\u00f3n de la primera dosis del biol\u00f3gico.<\/div>\n<div dir=\"auto\"><\/div>\n<div dir=\"auto\">El Secretario de Salud, coment\u00f3 que \u201cel se\u00f1or Gobernador, Dr. Rub\u00e9n Rocha Moya, nos ha permitido darle continuidad a este programa, nos ha pedido que lo llevemos a cabo y que nos preocupemos porque todo salga bien, que estemos vigilando a los ni\u00f1os y si hay necesidad de alguna atenci\u00f3n r\u00e1pida tambi\u00e9n tengamos esa posibilidad\u201d.<\/div>\n<div dir=\"auto\"><\/div>\n<div dir=\"auto\">El funcionario estatal hizo un llamado a los padres de familia o tutores para que acudan a vacunar a los menores, y aclar\u00f3 que la segunda dosis debe aplicarse a los 21 d\u00edas de haber recibido el primer biol\u00f3gico contra la enfermedad.<\/div>\n<div dir=\"auto\"><\/div>\n<div dir=\"auto\">Estar\u00e1n activos los centros de vacunaci\u00f3n a partir de las 8:00 a las 16:00 Horas, en Culiac\u00e1n se aplicar\u00e1 el biol\u00f3gico en la Novena Zona Militar; Mazatl\u00e1n, en el Polideportivo de la Universidad Aut\u00f3noma de Sinaloa; en Guasave en la ECEA y en Los Mochis se contar\u00e1n con m\u00f3dulos en el Domo de la Universidad Aut\u00f3noma de Sinaloa y en el Domo del Tecnol\u00f3gico.<\/div>\n<div dir=\"auto\"><\/div>\n<div dir=\"auto\">Para recibir la vacuna contra COVID-19, es necesario realizar el registro en el sitio web\u00a0<a href=\"http:\/\/mivacuna.salud.gob.mx\/\" target=\"_blank\" rel=\"noopener noreferrer\" data-saferedirecturl=\"https:\/\/www.google.com\/url?q=http:\/\/mivacuna.salud.gob.mx\/&amp;source=gmail&amp;ust=1656517458624000&amp;usg=AOvVaw1838mX0Rsyv4dvvR09bgLg\">mivacuna.salud.gob.mx<\/a>; solo es necesario tener a la mano la Clave \u00fanica de Registro de Poblaci\u00f3n (CURP).<\/div>\n<\/div>\n<div class=\"yj6qo\"><\/div>\n","protected":false},"excerpt":{"rendered":"<p>Inicia con \u00e9xito la Jornada de Vacunaci\u00f3n a menores de 5 y 11 a\u00f1os de edad Culiac\u00e1n, Sinaloa a 27 de junio de 2022.- Con el objetivo de inmunizar a ni\u00f1as y ni\u00f1os contra COVID-19, inicia con \u00e9xito la Jornada de Vacunaci\u00f3n a menores de entre 5 y 11 a\u00f1os de edad, en los municipios [&hellip;]<\/p>\n","protected":false},"author":1,"featured_media":13530,"comment_status":"closed","ping_status":"open","sticky":false,"template":"","format":"standard","meta":{"footnotes":""},"categories":[4,3],"tags":[],"class_list":["post-13529","post","type-post","status-publish","format-standard","has-post-thumbnail","hentry","category-boletines-prensa","category-prensa"],"_links":{"self":[{"href":"https:\/\/saludsinaloa.gob.mx\/index.php\/wp-json\/wp\/v2\/posts\/13529","targetHints":{"allow":["GET"]}}],"collection":[{"href":"https:\/\/saludsinaloa.gob.mx\/index.php\/wp-json\/wp\/v2\/posts"}],"about":[{"href":"https:\/\/saludsinaloa.gob.mx\/index.php\/wp-json\/wp\/v2\/types\/post"}],"author":[{"embeddable":true,"href":"https:\/\/saludsinaloa.gob.mx\/index.php\/wp-json\/wp\/v2\/users\/1"}],"replies":[{"embeddable":true,"href":"https:\/\/saludsinaloa.gob.mx\/index.php\/wp-json\/wp\/v2\/comments?post=13529"}],"version-history":[{"count":1,"href":"https:\/\/saludsinaloa.gob.mx\/index.php\/wp-json\/wp\/v2\/posts\/13529\/revisions"}],"predecessor-version":[{"id":13531,"href":"https:\/\/saludsinaloa.gob.mx\/index.php\/wp-json\/wp\/v2\/posts\/13529\/revisions\/13531"}],"wp:featuredmedia":[{"embeddable":true,"href":"https:\/\/saludsinaloa.gob.mx\/index.php\/wp-json\/wp\/v2\/media\/13530"}],"wp:attachment":[{"href":"https:\/\/saludsinaloa.gob.mx\/index.php\/wp-json\/wp\/v2\/media?parent=13529"}],"wp:term":[{"taxonomy":"category","embeddable":true,"href":"https:\/\/saludsinaloa.gob.mx\/index.php\/wp-json\/wp\/v2\/categories?post=13529"},{"taxonomy":"post_tag","embeddable":true,"href":"https:\/\/saludsinaloa.gob.mx\/index.php\/wp-json\/wp\/v2\/tags?post=13529"}],"curies":[{"name":"wp","href":"https:\/\/api.w.org\/{rel}","templated":true}]}}