{"id":13506,"date":"2022-06-24T11:20:15","date_gmt":"2022-06-24T11:20:15","guid":{"rendered":"http:\/\/saludsinaloa.gob.mx\/?p=13506"},"modified":"2022-06-27T03:20:53","modified_gmt":"2022-06-27T03:20:53","slug":"proximo-lunes-inicia-vacunacion-para-menores-de-5-a-11-anos-de-edad","status":"publish","type":"post","link":"https:\/\/saludsinaloa.gob.mx\/index.php\/2022\/06\/24\/proximo-lunes-inicia-vacunacion-para-menores-de-5-a-11-anos-de-edad\/","title":{"rendered":"Pr\u00f3ximo lunes inicia vacunaci\u00f3n para menores de 5 a 11 a\u00f1os de edad."},"content":{"rendered":"<div><\/div>\n<div style=\"text-align: center;\"><b>Pr\u00f3ximo lunes inicia vacunaci\u00f3n para menores de 5 a 11 a\u00f1os de edad.<\/b><\/div>\n<p><i>* Se \u00a0confirma que ser\u00e1 la vacuna Pfizer e iniciar\u00e1 en los municipios de Culiac\u00e1n, Mazatl\u00e1n y Ahome; tambi\u00e9n se estar\u00e1n aplicando refuerzos a adolescentes y j\u00f3venes de 12 a 18 a\u00f1os de edad.<\/i><\/p>\n<p><b>Culiac\u00e1n, Sinaloa, viernes 24 de junio de 2022.-<\/b>\u00a0Este viernes llegan a Sinaloa las vacunas pedi\u00e1tricas y a partir del pr\u00f3ximo lunes 27 de junio, iniciar\u00e1 el proceso de vacunaci\u00f3n en los municipios de Culiac\u00e1n, Mazatl\u00e1n y Ahome, anunci\u00f3 el secretario de Salud del Gobierno del Estado de Sinaloa<\/p>\n<p>El Dr Cuitl\u00e1huac Gonz\u00e1lez Galindo, tambi\u00e9n director de los Servicios de Salud dio a conocer que la Brigada Correcaminos, integrada por la Delegaci\u00f3n del IMSS, ISSSTE, Novena Zona Militar y Universidad Aut\u00f3noma de Sinaloa, fue informada ayer en la tarde noche de la llegada del biol\u00f3gico para hoy a la entidad por lo que de inmediato se iniciar\u00e1 con el proceso de distribuci\u00f3n de la vacuna a partir de la pr\u00f3xima semana<\/p>\n<p>\u201cHoy les queremos dar la noticia que ma\u00f1ana (hoy) vamos a recibir la vacuna Pfizer que se va a aplicar en los ni\u00f1os de 5 a 11 a\u00f1os por ello es importante que se sigan registrando en la p\u00e1gina y, de manera inicial estaremos en Culiac\u00e1n, Mazatl\u00e1n y Ahome y les estaremos informando si se lleva a cabo la apertura de otros puntos\u201d<\/p>\n<p>Gonz\u00e1lez Galindo a\u00f1adi\u00f3 que el mismo lunes, tambi\u00e9n se estar\u00e1 estar\u00e1n aplicando el biol\u00f3gico en el municipio de Guasave en los menores de 5 a 11 a\u00f1os y refuerzos de la vacuna de covid 9 para menores de 12 a 17 a\u00f1os, as\u00ed como rezagados que requieran del biol\u00f3gico y continuar con el proceso de inmunizaci\u00f3n a la poblaci\u00f3n para contrarrestar de esta manera, los efectos de la pandemia de covid 19 en la poblaci\u00f3n sinaloense.<\/p>\n","protected":false},"excerpt":{"rendered":"<p>Pr\u00f3ximo lunes inicia vacunaci\u00f3n para menores de 5 a 11 a\u00f1os de edad. * Se \u00a0confirma que ser\u00e1 la vacuna Pfizer e iniciar\u00e1 en los municipios de Culiac\u00e1n, Mazatl\u00e1n y Ahome; tambi\u00e9n se estar\u00e1n aplicando refuerzos a adolescentes y j\u00f3venes de 12 a 18 a\u00f1os de edad. Culiac\u00e1n, Sinaloa, viernes 24 de junio de 2022.-\u00a0Este [&hellip;]<\/p>\n","protected":false},"author":1,"featured_media":13507,"comment_status":"closed","ping_status":"open","sticky":false,"template":"","format":"standard","meta":{"footnotes":""},"categories":[4,3],"tags":[],"class_list":["post-13506","post","type-post","status-publish","format-standard","has-post-thumbnail","hentry","category-boletines-prensa","category-prensa"],"_links":{"self":[{"href":"https:\/\/saludsinaloa.gob.mx\/index.php\/wp-json\/wp\/v2\/posts\/13506","targetHints":{"allow":["GET"]}}],"collection":[{"href":"https:\/\/saludsinaloa.gob.mx\/index.php\/wp-json\/wp\/v2\/posts"}],"about":[{"href":"https:\/\/saludsinaloa.gob.mx\/index.php\/wp-json\/wp\/v2\/types\/post"}],"author":[{"embeddable":true,"href":"https:\/\/saludsinaloa.gob.mx\/index.php\/wp-json\/wp\/v2\/users\/1"}],"replies":[{"embeddable":true,"href":"https:\/\/saludsinaloa.gob.mx\/index.php\/wp-json\/wp\/v2\/comments?post=13506"}],"version-history":[{"count":1,"href":"https:\/\/saludsinaloa.gob.mx\/index.php\/wp-json\/wp\/v2\/posts\/13506\/revisions"}],"predecessor-version":[{"id":13508,"href":"https:\/\/saludsinaloa.gob.mx\/index.php\/wp-json\/wp\/v2\/posts\/13506\/revisions\/13508"}],"wp:featuredmedia":[{"embeddable":true,"href":"https:\/\/saludsinaloa.gob.mx\/index.php\/wp-json\/wp\/v2\/media\/13507"}],"wp:attachment":[{"href":"https:\/\/saludsinaloa.gob.mx\/index.php\/wp-json\/wp\/v2\/media?parent=13506"}],"wp:term":[{"taxonomy":"category","embeddable":true,"href":"https:\/\/saludsinaloa.gob.mx\/index.php\/wp-json\/wp\/v2\/categories?post=13506"},{"taxonomy":"post_tag","embeddable":true,"href":"https:\/\/saludsinaloa.gob.mx\/index.php\/wp-json\/wp\/v2\/tags?post=13506"}],"curies":[{"name":"wp","href":"https:\/\/api.w.org\/{rel}","templated":true}]}}