{"id":13472,"date":"2022-06-10T10:57:27","date_gmt":"2022-06-10T10:57:27","guid":{"rendered":"http:\/\/saludsinaloa.gob.mx\/?p=13472"},"modified":"2022-06-14T15:58:02","modified_gmt":"2022-06-14T15:58:02","slug":"beneficencia-publica-de-sinaloa-ofrece-a-la-poblacion-apoyos-funcionales-auditivos-y-visuales","status":"publish","type":"post","link":"https:\/\/saludsinaloa.gob.mx\/index.php\/2022\/06\/10\/beneficencia-publica-de-sinaloa-ofrece-a-la-poblacion-apoyos-funcionales-auditivos-y-visuales\/","title":{"rendered":"Beneficencia P\u00fablica de Sinaloa ofrece a la poblaci\u00f3n apoyos funcionales, auditivos y visuales."},"content":{"rendered":"<p>&nbsp;<\/p>\n<div style=\"text-align: center;\"><b>Beneficencia P\u00fablica de Sinaloa ofrece a la poblaci\u00f3n apoyos funcionales, auditivos y visuales.<\/b><\/div>\n<p><i>\u2022 Ser\u00e1 el 25 de junio la fecha l\u00edmite para entregar documentaci\u00f3n y acceder de manera gratuita a estos beneficios.<\/i><\/p>\n<p><b>Culiac\u00e1n, Sinaloa viernes 10 de junio de 2022.-<\/b>\u00a0Con un amplio programa de asistencia social, ofreciendo desde apoyo para la atenci\u00f3n problemas visuales, auditivos y discapacidades f\u00edsicas, la Beneficencia P\u00fablica llama a la poblaci\u00f3n a que se acerquen a la dependencia y se enteren c\u00f3mo se puede acceder a los diferentes programas y mejorar calidad de vida de las y los sinaloenses, inform\u00f3 su titular Juan Uliv Guerra Medina.<\/p>\n<p>Gracias a las gestiones del Gobierno del Estado que encabeza el Dr. Rub\u00e9n Rocha Moya, se han conseguido apoyos ante la federaci\u00f3n para las y los sinaloenses sin distingo de edad, ni\u00f1os, j\u00f3venes y adultos que padezcan alguna discapacidad auditiva, motriz, visual o que hayan pasado por un proceso donde requieran pr\u00f3tesis de mama, pr\u00f3tesis de cadera o rodilla, as\u00ed como placas dentales.<\/p>\n<p>\u201cEl llamado es a que se acerquen a la Beneficencia P\u00fablica, que nos llamen, que se acerquen para poder ayudarlos, ay\u00fadennos a ayudar a lo largo y ancho del Estado de Sinaloa y en las comunidades donde m\u00e1s lo necesitan; eso fue lo que se consigui\u00f3 en esa procuraci\u00f3n de apoyos en la Ciudad de M\u00e9xico gracias al empuje del Gobernador, del secretario de Salud y la presidenta del DIF, ahora la tarea es no perderlo\u201d, se\u00f1al\u00f3.<\/p>\n<p>El objetivo es que la poblaci\u00f3n tenga acceso de manera gratuita a estos apoyos, es por ello que la convocatoria para que hagan llegar su documentaci\u00f3n contin\u00faa hasta el d\u00eda 25 de junio.<\/p>\n<p>Guerra Medina confirm\u00f3 que, para todo Sinaloa, se han destinado mil 500 kits para operaci\u00f3n de cataratas, mil 400 auxiliares auditivos, mil 200 anteojos, 52 pr\u00f3tesis de mama, 200 pr\u00f3tesis de rodilla y cadera, aparatos funcionales o para movilidad como sillas de ruedas, bastones, andaderas, muletas, sillas para ba\u00f1o, sillas para par\u00e1lisis cerebral infantil y adulto, y por primera vez se facilitar\u00e1n procesadores cocleares.<\/p>\n<p>As\u00ed tambi\u00e9n placas dentales para la zona centro del estado, los municipios de Culiac\u00e1n, Navolato, Angostura, Salvador Alvarado, Mocorito, Elota y Cosal\u00e1, para quienes han perdido su dentadura, dot\u00e1ndolos de placa dental superior e inferior.<\/p>\n<p>Las solicitudes de la ciudadan\u00eda se reciben en las oficinas de la Beneficencia P\u00fablica ubicadas en la planta baja de Palacio de Gobierno, Av. Insurgentes s\/n, Centro Sinaloa, o bien en las coordinaciones de salud en los municipios, al igual que en los DIF municipales, los documentos a presentar son INE, CURP, comprobante de domicilio y un dictamen m\u00e9dico que no sea expedido por el IMSS o ISSSTE especificando la condici\u00f3n de salud de la persona.<\/p>\n<p>Para cualquier duda se pueden comunicar al tel\u00e9fono 6677 14 61 28 o v\u00eda Whats App al 6673 25 51 89, en un horario de 8:00 a 15:00 horas, estos apoyos son totalmente gratuitos y no se recibe aportaci\u00f3n econ\u00f3mica alguna para su tr\u00e1mite.<\/p>\n","protected":false},"excerpt":{"rendered":"<p>&nbsp; Beneficencia P\u00fablica de Sinaloa ofrece a la poblaci\u00f3n apoyos funcionales, auditivos y visuales. \u2022 Ser\u00e1 el 25 de junio la fecha l\u00edmite para entregar documentaci\u00f3n y acceder de manera gratuita a estos beneficios. Culiac\u00e1n, Sinaloa viernes 10 de junio de 2022.-\u00a0Con un amplio programa de asistencia social, ofreciendo desde apoyo para la atenci\u00f3n problemas [&hellip;]<\/p>\n","protected":false},"author":1,"featured_media":13473,"comment_status":"closed","ping_status":"open","sticky":false,"template":"","format":"standard","meta":{"footnotes":""},"categories":[4,3],"tags":[],"class_list":["post-13472","post","type-post","status-publish","format-standard","has-post-thumbnail","hentry","category-boletines-prensa","category-prensa"],"_links":{"self":[{"href":"https:\/\/saludsinaloa.gob.mx\/index.php\/wp-json\/wp\/v2\/posts\/13472","targetHints":{"allow":["GET"]}}],"collection":[{"href":"https:\/\/saludsinaloa.gob.mx\/index.php\/wp-json\/wp\/v2\/posts"}],"about":[{"href":"https:\/\/saludsinaloa.gob.mx\/index.php\/wp-json\/wp\/v2\/types\/post"}],"author":[{"embeddable":true,"href":"https:\/\/saludsinaloa.gob.mx\/index.php\/wp-json\/wp\/v2\/users\/1"}],"replies":[{"embeddable":true,"href":"https:\/\/saludsinaloa.gob.mx\/index.php\/wp-json\/wp\/v2\/comments?post=13472"}],"version-history":[{"count":1,"href":"https:\/\/saludsinaloa.gob.mx\/index.php\/wp-json\/wp\/v2\/posts\/13472\/revisions"}],"predecessor-version":[{"id":13474,"href":"https:\/\/saludsinaloa.gob.mx\/index.php\/wp-json\/wp\/v2\/posts\/13472\/revisions\/13474"}],"wp:featuredmedia":[{"embeddable":true,"href":"https:\/\/saludsinaloa.gob.mx\/index.php\/wp-json\/wp\/v2\/media\/13473"}],"wp:attachment":[{"href":"https:\/\/saludsinaloa.gob.mx\/index.php\/wp-json\/wp\/v2\/media?parent=13472"}],"wp:term":[{"taxonomy":"category","embeddable":true,"href":"https:\/\/saludsinaloa.gob.mx\/index.php\/wp-json\/wp\/v2\/categories?post=13472"},{"taxonomy":"post_tag","embeddable":true,"href":"https:\/\/saludsinaloa.gob.mx\/index.php\/wp-json\/wp\/v2\/tags?post=13472"}],"curies":[{"name":"wp","href":"https:\/\/api.w.org\/{rel}","templated":true}]}}