{"id":13457,"date":"2022-06-07T11:44:08","date_gmt":"2022-06-07T11:44:08","guid":{"rendered":"http:\/\/saludsinaloa.gob.mx\/?p=13457"},"modified":"2022-06-08T17:45:30","modified_gmt":"2022-06-08T17:45:30","slug":"promueven-medidas-contra-el-covid-en-centros-escolares","status":"publish","type":"post","link":"https:\/\/saludsinaloa.gob.mx\/index.php\/2022\/06\/07\/promueven-medidas-contra-el-covid-en-centros-escolares\/","title":{"rendered":"Promueven medidas contra el COVID en centros escolares"},"content":{"rendered":"<p>&nbsp;<\/p>\n<div style=\"text-align: center;\"><b>Promueven medidas contra el COVID en centros escolares<\/b><\/div>\n<p><i>\u2022 Personal de la Direcci\u00f3n de Prevenci\u00f3n y Promoci\u00f3n de la Salud, visita planteles escolares del estado<\/i><\/p>\n<p><b>Culiac\u00e1n Sinaloa, martes 7 de junio de 2022.-\u00a0<\/b>Con la finalidad de promover las pr\u00e1cticas de higiene desde la m\u00e1s temprana edad, la Direcci\u00f3n de Prevenci\u00f3n y Promoci\u00f3n de la Salud, de la Secretar\u00eda de Salud, en coordinaci\u00f3n con la Secretar\u00eda de Educaci\u00f3n P\u00fablica y Cultura, realiz\u00f3 una serie de visitas a diferentes planteles en todo el estado.<\/p>\n<p>El director de Prevenci\u00f3n y Promoci\u00f3n de la Salud, Dr. Gerardo Kenny Inzunza Leyva, dio a conocer que el recorrido realizado fue principalmente en planteles de educaci\u00f3n b\u00e1sica siendo el objetivo informar y capacitar a los menores de edad sobre el uso correcto de cubreboca, la importancia del lavado de manos, esto con la finalidad de prevenir enfermedades como el COVID 19.<\/p>\n<p>Agreg\u00f3 que el recorrido contempl\u00f3 planteles de las diferentes circunscripciones de salud logrando concientizar a un millar de menores quienes, a su vez, llevar\u00e1n el mensaje a sus hogares, ampliando de esta manera, el impacto de la importancia de mantener las medidas de prevenci\u00f3n que la sociedad ya conoce en materia de salud como es el uso de cubreboca en espacios cerrados, lavado constante de manos con agua y jab\u00f3n, limpiar los espacios de uso com\u00fan con desinfectantes y mantener la sana distancia.<\/p>\n","protected":false},"excerpt":{"rendered":"<p>&nbsp; Promueven medidas contra el COVID en centros escolares \u2022 Personal de la Direcci\u00f3n de Prevenci\u00f3n y Promoci\u00f3n de la Salud, visita planteles escolares del estado Culiac\u00e1n Sinaloa, martes 7 de junio de 2022.-\u00a0Con la finalidad de promover las pr\u00e1cticas de higiene desde la m\u00e1s temprana edad, la Direcci\u00f3n de Prevenci\u00f3n y Promoci\u00f3n de la [&hellip;]<\/p>\n","protected":false},"author":1,"featured_media":13458,"comment_status":"closed","ping_status":"open","sticky":false,"template":"","format":"standard","meta":{"footnotes":""},"categories":[4,3],"tags":[],"class_list":["post-13457","post","type-post","status-publish","format-standard","has-post-thumbnail","hentry","category-boletines-prensa","category-prensa"],"_links":{"self":[{"href":"https:\/\/saludsinaloa.gob.mx\/index.php\/wp-json\/wp\/v2\/posts\/13457","targetHints":{"allow":["GET"]}}],"collection":[{"href":"https:\/\/saludsinaloa.gob.mx\/index.php\/wp-json\/wp\/v2\/posts"}],"about":[{"href":"https:\/\/saludsinaloa.gob.mx\/index.php\/wp-json\/wp\/v2\/types\/post"}],"author":[{"embeddable":true,"href":"https:\/\/saludsinaloa.gob.mx\/index.php\/wp-json\/wp\/v2\/users\/1"}],"replies":[{"embeddable":true,"href":"https:\/\/saludsinaloa.gob.mx\/index.php\/wp-json\/wp\/v2\/comments?post=13457"}],"version-history":[{"count":1,"href":"https:\/\/saludsinaloa.gob.mx\/index.php\/wp-json\/wp\/v2\/posts\/13457\/revisions"}],"predecessor-version":[{"id":13459,"href":"https:\/\/saludsinaloa.gob.mx\/index.php\/wp-json\/wp\/v2\/posts\/13457\/revisions\/13459"}],"wp:featuredmedia":[{"embeddable":true,"href":"https:\/\/saludsinaloa.gob.mx\/index.php\/wp-json\/wp\/v2\/media\/13458"}],"wp:attachment":[{"href":"https:\/\/saludsinaloa.gob.mx\/index.php\/wp-json\/wp\/v2\/media?parent=13457"}],"wp:term":[{"taxonomy":"category","embeddable":true,"href":"https:\/\/saludsinaloa.gob.mx\/index.php\/wp-json\/wp\/v2\/categories?post=13457"},{"taxonomy":"post_tag","embeddable":true,"href":"https:\/\/saludsinaloa.gob.mx\/index.php\/wp-json\/wp\/v2\/tags?post=13457"}],"curies":[{"name":"wp","href":"https:\/\/api.w.org\/{rel}","templated":true}]}}