{"id":13436,"date":"2022-05-30T10:42:48","date_gmt":"2022-05-30T10:42:48","guid":{"rendered":"http:\/\/saludsinaloa.gob.mx\/?p=13436"},"modified":"2022-06-02T19:43:45","modified_gmt":"2022-06-02T19:43:45","slug":"incrementan-casos-covid-por-posible-relajamiento-de-medidas-preventivas","status":"publish","type":"post","link":"https:\/\/saludsinaloa.gob.mx\/index.php\/2022\/05\/30\/incrementan-casos-covid-por-posible-relajamiento-de-medidas-preventivas\/","title":{"rendered":"Incrementan casos COVID por posible relajamiento de medidas preventivas"},"content":{"rendered":"<div style=\"text-align: center;\"><b>Incrementan casos COVID por posible relajamiento de medidas preventivas<\/b><\/div>\n<p><i>\u2022 Sector Salud llama a no bajar la guardia y reforzar las medidas de higiene y especialmente, uso de cubreboca en espacios cerrados.<\/i><\/p>\n<p><b>Culiac\u00e1n Sinaloa, lunes 30 de mayo de 2022.-<\/b>\u00a0Debido a un posible relajamiento en las medidas de prevenci\u00f3n, desde la semana pasada se ha registrado un repunte de nuevos casos de COVID-19, sin embargo, dicha incidencia se mantiene dentro de par\u00e1metros manejables por el sector salud asegur\u00f3 el titular de la dependencia, Dr Cuitl\u00e1huac Gonz\u00e1lez Galindo.<\/p>\n<p>El tambi\u00e9n director de los Servicios de Salud de Sinaloa, precis\u00f3 que luego de la cuarta ola, que se registr\u00f3 a inicios de a\u00f1o y que afect\u00f3 a un promedio de 8 mil sinaloenses por semana, se tuvo una marcada reducci\u00f3n de casos a la baja con registro promedio de 57 casos nuevos por semana; sin embargo, al parecer por un relajamiento en las medidas de prevenci\u00f3n, en el corte semanal m\u00e1s reciente, ya se registra una incidencia de 700 casos nuevos en el lapso de siete d\u00edas.<\/p>\n<p>El secretario de Salud de Sinaloa dijo \u201cestamos notando que empieza un incremento en el diagn\u00f3stico de casos en esta semana que es la 21, detectamos 700 casos \u00bfQu\u00e9 quiere decir esto? Que tenemos que fortalecer las medidas, sobre todo en lugares cerrados; est\u00e1 muy relajado, las personas no est\u00e1n usando el cubreboca, las medidas est\u00e1n relajadas\u201d.<\/p>\n<p>Aunque se tiene un incremento en el n\u00famero de nuevos casos a la semana, precis\u00f3 el secretario de Salud que se tiene la suficiente capacidad para la atenci\u00f3n hospitalaria ya que actualmente se cuenta con una disponibilidad del 99 por ciento de espacios.<\/p>\n<p>Gonz\u00e1lez Galindo reiter\u00f3 el llamado a la poblaci\u00f3n, y al sector privado, para mantener y reforzar las medidas de prevenci\u00f3n como lo es el uso de cubreboca en espacios cerrados, seguir usando el gel y lavado de manos y seguir observando la distancia como medida de prevenci\u00f3n.<\/p>\n<p>Un factor que ha ayudado a que los nuevos casos que se han registrado no sean tan graves, precis\u00f3 el secretario Gonz\u00e1lez Galindo, ha sido el alto nivel de vacunaci\u00f3n ya que actualmente, se tiene una cobertura del 90 por ciento en personas mayores de 60 a\u00f1os y cerca del 80 por ciento en la poblaci\u00f3n en general, pero se est\u00e1n teniendo problemas en el sector adolescente por lo que el llamado es a los padres de familia para que acudan a los centros de vacunaci\u00f3n y vacunen a sus hijos.<\/p>\n<p>Actualmente, dio a conocer el secretario Gonz\u00e1lez Galindo que se est\u00e1 aplicando la vacuna a menores de entre 12 y 14 a\u00f1os acudiendo a los centros escolares y se ha logrado una cobertura de poco m\u00e1s de 12 mil menores inmunizados.<\/p>\n<p>Al ser cuestionado sobre la aplicaci\u00f3n de la vacuna pedi\u00e1trica, el secretario Gonz\u00e1lez Galindo dijo que, aunque se tiene contemplada, de momento no se ha definido la fecha para su aplicaci\u00f3n por lo que pidi\u00f3 a la poblaci\u00f3n a estar pendiente ya que se har\u00e1 el anuncio el tiempo cuando se disponga del biol\u00f3gico para su aplicaci\u00f3n.<\/p>\n","protected":false},"excerpt":{"rendered":"<p>Incrementan casos COVID por posible relajamiento de medidas preventivas \u2022 Sector Salud llama a no bajar la guardia y reforzar las medidas de higiene y especialmente, uso de cubreboca en espacios cerrados. Culiac\u00e1n Sinaloa, lunes 30 de mayo de 2022.-\u00a0Debido a un posible relajamiento en las medidas de prevenci\u00f3n, desde la semana pasada se ha [&hellip;]<\/p>\n","protected":false},"author":1,"featured_media":13437,"comment_status":"closed","ping_status":"open","sticky":false,"template":"","format":"standard","meta":{"footnotes":""},"categories":[4,3],"tags":[],"class_list":["post-13436","post","type-post","status-publish","format-standard","has-post-thumbnail","hentry","category-boletines-prensa","category-prensa"],"_links":{"self":[{"href":"https:\/\/saludsinaloa.gob.mx\/index.php\/wp-json\/wp\/v2\/posts\/13436","targetHints":{"allow":["GET"]}}],"collection":[{"href":"https:\/\/saludsinaloa.gob.mx\/index.php\/wp-json\/wp\/v2\/posts"}],"about":[{"href":"https:\/\/saludsinaloa.gob.mx\/index.php\/wp-json\/wp\/v2\/types\/post"}],"author":[{"embeddable":true,"href":"https:\/\/saludsinaloa.gob.mx\/index.php\/wp-json\/wp\/v2\/users\/1"}],"replies":[{"embeddable":true,"href":"https:\/\/saludsinaloa.gob.mx\/index.php\/wp-json\/wp\/v2\/comments?post=13436"}],"version-history":[{"count":1,"href":"https:\/\/saludsinaloa.gob.mx\/index.php\/wp-json\/wp\/v2\/posts\/13436\/revisions"}],"predecessor-version":[{"id":13438,"href":"https:\/\/saludsinaloa.gob.mx\/index.php\/wp-json\/wp\/v2\/posts\/13436\/revisions\/13438"}],"wp:featuredmedia":[{"embeddable":true,"href":"https:\/\/saludsinaloa.gob.mx\/index.php\/wp-json\/wp\/v2\/media\/13437"}],"wp:attachment":[{"href":"https:\/\/saludsinaloa.gob.mx\/index.php\/wp-json\/wp\/v2\/media?parent=13436"}],"wp:term":[{"taxonomy":"category","embeddable":true,"href":"https:\/\/saludsinaloa.gob.mx\/index.php\/wp-json\/wp\/v2\/categories?post=13436"},{"taxonomy":"post_tag","embeddable":true,"href":"https:\/\/saludsinaloa.gob.mx\/index.php\/wp-json\/wp\/v2\/tags?post=13436"}],"curies":[{"name":"wp","href":"https:\/\/api.w.org\/{rel}","templated":true}]}}