{"id":13423,"date":"2022-05-29T12:46:30","date_gmt":"2022-05-29T12:46:30","guid":{"rendered":"http:\/\/saludsinaloa.gob.mx\/?p=13423"},"modified":"2022-05-30T18:49:03","modified_gmt":"2022-05-30T18:49:03","slug":"trasladan-a-michoacan-a-32-personas-lesionadas-en-accidente-carretero","status":"publish","type":"post","link":"https:\/\/saludsinaloa.gob.mx\/index.php\/2022\/05\/29\/trasladan-a-michoacan-a-32-personas-lesionadas-en-accidente-carretero\/","title":{"rendered":"TRASLADAN A MICHOAC\u00c1N A 32 PERSONAS LESIONADAS EN ACCIDENTE CARRETERO"},"content":{"rendered":"<div style=\"text-align: center;\"><b>TRASLADAN A MICHOAC\u00c1N A 32 PERSONAS LESIONADAS EN ACCIDENTE CARRETERO<\/b><\/div>\n<p><i>* Los gobiernos estatales de Sinaloa y Michoac\u00e1n se coordinan para brindar la atenci\u00f3n a los lesionados y garantizar su recuperaci\u00f3n<\/i><\/p>\n<p><b>Culiac\u00e1n Sinaloa, domingo 29 de mayo de 2022.-<\/b>\u00a0Luego de recibir la atenci\u00f3n m\u00e9dica necesaria y garantizar que pod\u00edan realizar el viaje, 32 de las personas que el d\u00eda de ayer s\u00e1bado resultaron lesionadas en un accidente carretero, fueron trasladadas al Estado de Michoac\u00e1n de donde son originarias para continuar con su rehabilitaci\u00f3n plena.<\/p>\n<p>El Secretario de Salud, Dr. Cuitl\u00e1huac Gonz\u00e1lez Galindo, dio a conocer que el traslado se realiza en coordinaci\u00f3n con personal del sector salud del Estado de Michoac\u00e1n que, tras enterarse de lo sucedido, se contactaron con las autoridades de Sinaloa para apoyarlos y brindarles la atenci\u00f3n m\u00e9dica necesaria.<\/p>\n<p>El tambi\u00e9n director de los Servicios de Salud de Sinaloa, precis\u00f3 que solo dos de las personas que esta ma\u00f1ana fueron trasladadas al Estado de Michoac\u00e1n, requirieron de traslado bajo supervisi\u00f3n debido a su estado delicado por lo que se les traslad\u00f3 a bordo ambulancia, a estas personas se les reporta que, aunque delicadas, pod\u00edan realizar el viaje por lo que se autoriz\u00f3 su traslado para continuar con su rehabilitaci\u00f3n en su lugar de origen.<\/p>\n<p>Las otras 30 personas que salieron de la ciudad de El Rosario esta ma\u00f1ana, lo hicieron a bordo de un autob\u00fas ya que su estado de salud es estable y plenamente fuera de peligro; se reporta que el resto de los lesionados contin\u00faan bajo observaci\u00f3n m\u00e9dica en diferentes hospitales de la zona sur del estado.<\/p>\n","protected":false},"excerpt":{"rendered":"<p>TRASLADAN A MICHOAC\u00c1N A 32 PERSONAS LESIONADAS EN ACCIDENTE CARRETERO * Los gobiernos estatales de Sinaloa y Michoac\u00e1n se coordinan para brindar la atenci\u00f3n a los lesionados y garantizar su recuperaci\u00f3n Culiac\u00e1n Sinaloa, domingo 29 de mayo de 2022.-\u00a0Luego de recibir la atenci\u00f3n m\u00e9dica necesaria y garantizar que pod\u00edan realizar el viaje, 32 de las [&hellip;]<\/p>\n","protected":false},"author":1,"featured_media":13412,"comment_status":"closed","ping_status":"open","sticky":false,"template":"","format":"standard","meta":{"footnotes":""},"categories":[4,3],"tags":[],"class_list":["post-13423","post","type-post","status-publish","format-standard","has-post-thumbnail","hentry","category-boletines-prensa","category-prensa"],"_links":{"self":[{"href":"https:\/\/saludsinaloa.gob.mx\/index.php\/wp-json\/wp\/v2\/posts\/13423","targetHints":{"allow":["GET"]}}],"collection":[{"href":"https:\/\/saludsinaloa.gob.mx\/index.php\/wp-json\/wp\/v2\/posts"}],"about":[{"href":"https:\/\/saludsinaloa.gob.mx\/index.php\/wp-json\/wp\/v2\/types\/post"}],"author":[{"embeddable":true,"href":"https:\/\/saludsinaloa.gob.mx\/index.php\/wp-json\/wp\/v2\/users\/1"}],"replies":[{"embeddable":true,"href":"https:\/\/saludsinaloa.gob.mx\/index.php\/wp-json\/wp\/v2\/comments?post=13423"}],"version-history":[{"count":1,"href":"https:\/\/saludsinaloa.gob.mx\/index.php\/wp-json\/wp\/v2\/posts\/13423\/revisions"}],"predecessor-version":[{"id":13424,"href":"https:\/\/saludsinaloa.gob.mx\/index.php\/wp-json\/wp\/v2\/posts\/13423\/revisions\/13424"}],"wp:featuredmedia":[{"embeddable":true,"href":"https:\/\/saludsinaloa.gob.mx\/index.php\/wp-json\/wp\/v2\/media\/13412"}],"wp:attachment":[{"href":"https:\/\/saludsinaloa.gob.mx\/index.php\/wp-json\/wp\/v2\/media?parent=13423"}],"wp:term":[{"taxonomy":"category","embeddable":true,"href":"https:\/\/saludsinaloa.gob.mx\/index.php\/wp-json\/wp\/v2\/categories?post=13423"},{"taxonomy":"post_tag","embeddable":true,"href":"https:\/\/saludsinaloa.gob.mx\/index.php\/wp-json\/wp\/v2\/tags?post=13423"}],"curies":[{"name":"wp","href":"https:\/\/api.w.org\/{rel}","templated":true}]}}