{"id":13313,"date":"2022-05-17T09:20:03","date_gmt":"2022-05-17T09:20:03","guid":{"rendered":"http:\/\/saludsinaloa.gob.mx\/?p=13313"},"modified":"2022-05-19T15:31:46","modified_gmt":"2022-05-19T15:31:46","slug":"inician-las-actividades-de-la-jornada-nacional-de-salud-publica-2022","status":"publish","type":"post","link":"https:\/\/saludsinaloa.gob.mx\/index.php\/2022\/05\/17\/inician-las-actividades-de-la-jornada-nacional-de-salud-publica-2022\/","title":{"rendered":"INICIAN LAS ACTIVIDADES DE LA JORNADA NACIONAL DE SALUD P\u00daBLICA 2022"},"content":{"rendered":"<div><\/div>\n<div style=\"text-align: center;\"><b>INICIAN LAS ACTIVIDADES DE LA JORNADA NACIONAL DE SALUD P\u00daBLICA 2022<\/b><\/div>\n<p><i>* Con el lema \u201c1, 2 y 3 por tu salud\u201d, del 16 al 27 de mayo se desarrollar\u00e1n diversos programas en favor de la salud de las y los sinaloenses<\/i><\/p>\n<p><b>Culiac\u00e1n, Sinaloa a 17 de mayo de 2022.-<\/b>\u00a0Con el prop\u00f3sito de acercar los servicios de salud a toda la poblaci\u00f3n, este d\u00eda inici\u00f3 la Primera Jornada Nacional de Salud P\u00fablica (JNSP) 2022, es una estrategia complementaria a los servicios permanentes de salud en la que participan diversas instancias del orden federal, estatal y municipal del sector salud, con el prop\u00f3sito de acercar los servicios de salud a la poblaci\u00f3n.<\/p>\n<p>La jornada de este a\u00f1o se inici\u00f3 en el Jard\u00edn de Ni\u00f1os Profra. Margarita Rodr\u00edguez de L\u00f3pez Mart\u00ednez, en la colonia Lombardo Toledano, y consistir\u00e1 en acciones intensivas, integrales e interculturales de promoci\u00f3n, prevenci\u00f3n y educaci\u00f3n para la salud, con especial atenci\u00f3n a grupos vulnerables busca promover mejores condiciones de salud y contribuir a mejorar su calidad de vida.<\/p>\n<p>Con la representaci\u00f3n del Secretario de Salud, Dr. Cuitl\u00e1huac Gonz\u00e1lez Galindo, asisti\u00f3 el Dr. Alberto Quintero P\u00e9rez, subsecretario de Atenci\u00f3n M\u00e9dica, quien en su mensaje inaugural expres\u00f3 la importancia de este tipo de jornadas enfocadas en la prevenci\u00f3n para que las y los sinaloenses mantengan un estilo de vida saludable en todos los sentidos.<\/p>\n<p>\u201cEstas Jornadas Nacionales tienen como prop\u00f3sito fortalecer todo aquello que tenga que ver con mejorar la calidad de vida y la salud de la poblaci\u00f3n mexicana, una de las principales responsabilidades del gobierno es precisamente la atenci\u00f3n de la salud, otro rubro important\u00edsimo adem\u00e1s es la educaci\u00f3n, muy frecuentemente en las acciones que se desarrollan en el sector se busca conjuntar esfuerzos de secretar\u00edas que est\u00e1n inter relacionadas por su propia funci\u00f3n para darla mayor fortaleza a estas acciones, la finalidad de esta primer jornada nacional de salud es la difusi\u00f3n de las principales acciones que en el sector salud se est\u00e1n haciendo para llevar a la comunidad informaci\u00f3n y acciones que permitan reducir el riesgo de que nuestros ni\u00f1os, ni\u00f1as, adultos mayores, hombres y mujeres de todas las edades, y la poblaci\u00f3n vulnerable desarrollen enfermedades que se pueden prevenir\u201d, explic\u00f3.<\/p>\n<p>Por su parte la Secretaria de Educaci\u00f3n P\u00fablica y Cultura, Graciela Dom\u00ednguez Nava, destac\u00f3 que como autoridades debe prevalecer el trabajo en conjunto en programas de esta \u00edndole para que el derecho a la salud prevalezca entre toda la poblaci\u00f3n.<\/p>\n<p>\u201cEsta actividad tan importante para la salud de nuestras ni\u00f1as, ni\u00f1os, j\u00f3venes adolescentes, todas las autoridades aqu\u00ed reunidas somos quienes estaremos como responsables de esta campa\u00f1a nacional de salud p\u00fablica para fortalecer las actividades de salud que requiere nuestra ni\u00f1ez, agradezco a la Secretar\u00eda de Salud que estemos de manera coordinada, y en ese sentido la salud y la educaci\u00f3n van de la mano, son derechos fundamentales para nuestra ni\u00f1ez\u201d, dijo.<\/p>\n<p>La Primer Jornada Nacional de Salud P\u00fablica 2022 tiene como objetivo acercar los servicios de salud a la poblaci\u00f3n del pa\u00eds de todas las edades, mediante acciones intensivas, integrales e interculturales de promoci\u00f3n, prevenci\u00f3n y educaci\u00f3n para la salud, con especial atenci\u00f3n a grupos vulnerables; para promover mejores condiciones de salud y contribuir a mejorar su calidad de vida.<\/p>\n<p>Dentro de las actividades a realizar se encuentran pl\u00e1ticas educativas en escuelas, casas de cultura, deportivos y cursos de verano sobre la prevenci\u00f3n de la tuberculosis, lepra, entre otras enfermedades, iniciar y\/o completar esquemas de vacunaci\u00f3n a las ni\u00f1as y ni\u00f1os de 0 a 9 a\u00f1os pendientes en la Cartilla Nacional de Salud, as\u00ed como Administrar vitamina A, a la poblaci\u00f3n de 6 meses a 4 a\u00f1os en los municipios de riesgo para enfermedades diarreicas.<\/p>\n<p>Tambi\u00e9n se realizar\u00e1 la entregar sobre de \u201cVida Suero Oral\u201d de manera gratuita e informar sobre su uso y preparaci\u00f3n, brindar orientaci\u00f3n e informaci\u00f3n sobre Salud Sexual y Reproductiva para Adolescentes, e igualmente todo lo relativo a la prevenci\u00f3n del consumo de sustancias psicoactivas \u2013 salud mental, entre muchas actividades m\u00e1s.<\/p>\n<p>Todos y cada uno de los servicios ser\u00e1n ofrecidos de manera gratuita en las unidades del sector salud en la entidad (IMSS, ISSSTE, SNDIF, PEMEX, SEDENA y SEMAR) y de otros sectores como la Secretar\u00eda del Bienestar, Comisi\u00f3n Nacional para el Desarrollo de los Pueblos Ind\u00edgenas, Secretar\u00eda de Educaci\u00f3n P\u00fablica, entre otros, adem\u00e1s de la participaci\u00f3n de la sociedad civil organizada y los municipios.<\/p>\n<p>Entre las personalidades asistentes al evento estuvieron la Dra. Tania Clarissa Medina L\u00f3pez; Delegada Estatal del Instituto Mexicano del Seguro Social; Dr. Marcial Silva G\u00f3mez, responsable del ISSSTE en la entidad; Lcda. Nuria Alejandra Gonz\u00e1lez Elizalde, Secretar\u00eda Ejecutiva del Sistema Estatal de Protecci\u00f3n Integral de Ni\u00f1as, Ni\u00f1os y Adolescentes (SIPINNA); Dr. \u00c1lvaro Mart\u00edn Acosta Padilla, subdirector de Atenci\u00f3n M\u00e9dica de los Servicios de Salud de Sinaloa; \u00a0Dr. Gerardo Kenny Inzunza Leyva, director de Prevenci\u00f3n y Promoci\u00f3n de la Salud; Dr. Juan Carlos Navarro Guerrero, subdirector de Promoci\u00f3n de la Salud;; Lcda. Lydia Peinado Aguirre, Directora General del Sistema DIF Municipal; Mtra. Nadia Magdalena F\u00e9lix L\u00f3pez Directora Jard\u00edn de Ni\u00f1os Profra. Margarita Rodr\u00edguez de L\u00f3pez Mart\u00ednez, as\u00ed como representante de las Fuerzas Armadas en Sinaloa, y otros invitados especiales.<\/p>\n","protected":false},"excerpt":{"rendered":"<p>INICIAN LAS ACTIVIDADES DE LA JORNADA NACIONAL DE SALUD P\u00daBLICA 2022 * Con el lema \u201c1, 2 y 3 por tu salud\u201d, del 16 al 27 de mayo se desarrollar\u00e1n diversos programas en favor de la salud de las y los sinaloenses Culiac\u00e1n, Sinaloa a 17 de mayo de 2022.-\u00a0Con el prop\u00f3sito de acercar los [&hellip;]<\/p>\n","protected":false},"author":1,"featured_media":13314,"comment_status":"closed","ping_status":"open","sticky":false,"template":"","format":"standard","meta":{"footnotes":""},"categories":[4,3],"tags":[],"class_list":["post-13313","post","type-post","status-publish","format-standard","has-post-thumbnail","hentry","category-boletines-prensa","category-prensa"],"_links":{"self":[{"href":"https:\/\/saludsinaloa.gob.mx\/index.php\/wp-json\/wp\/v2\/posts\/13313","targetHints":{"allow":["GET"]}}],"collection":[{"href":"https:\/\/saludsinaloa.gob.mx\/index.php\/wp-json\/wp\/v2\/posts"}],"about":[{"href":"https:\/\/saludsinaloa.gob.mx\/index.php\/wp-json\/wp\/v2\/types\/post"}],"author":[{"embeddable":true,"href":"https:\/\/saludsinaloa.gob.mx\/index.php\/wp-json\/wp\/v2\/users\/1"}],"replies":[{"embeddable":true,"href":"https:\/\/saludsinaloa.gob.mx\/index.php\/wp-json\/wp\/v2\/comments?post=13313"}],"version-history":[{"count":1,"href":"https:\/\/saludsinaloa.gob.mx\/index.php\/wp-json\/wp\/v2\/posts\/13313\/revisions"}],"predecessor-version":[{"id":13315,"href":"https:\/\/saludsinaloa.gob.mx\/index.php\/wp-json\/wp\/v2\/posts\/13313\/revisions\/13315"}],"wp:featuredmedia":[{"embeddable":true,"href":"https:\/\/saludsinaloa.gob.mx\/index.php\/wp-json\/wp\/v2\/media\/13314"}],"wp:attachment":[{"href":"https:\/\/saludsinaloa.gob.mx\/index.php\/wp-json\/wp\/v2\/media?parent=13313"}],"wp:term":[{"taxonomy":"category","embeddable":true,"href":"https:\/\/saludsinaloa.gob.mx\/index.php\/wp-json\/wp\/v2\/categories?post=13313"},{"taxonomy":"post_tag","embeddable":true,"href":"https:\/\/saludsinaloa.gob.mx\/index.php\/wp-json\/wp\/v2\/tags?post=13313"}],"curies":[{"name":"wp","href":"https:\/\/api.w.org\/{rel}","templated":true}]}}