{"id":13238,"date":"2022-04-06T10:41:39","date_gmt":"2022-04-06T10:41:39","guid":{"rendered":"http:\/\/saludsinaloa.gob.mx\/?p=13238"},"modified":"2022-04-18T16:46:19","modified_gmt":"2022-04-18T16:46:19","slug":"dan-a-conocer-lineamientos-para-la-normalizacion-de-los-trabajadores-de-los-servicios-de-salud-de-sinaloa","status":"publish","type":"post","link":"https:\/\/saludsinaloa.gob.mx\/index.php\/2022\/04\/06\/dan-a-conocer-lineamientos-para-la-normalizacion-de-los-trabajadores-de-los-servicios-de-salud-de-sinaloa\/","title":{"rendered":"DAN A CONOCER LINEAMIENTOS PARA LA NORMALIZACI\u00d3N DE LOS TRABAJADORES DE LOS SERVICIOS DE SALUD DE SINALOA"},"content":{"rendered":"<p><a href=\"http:\/\/saludsinaloa.gob.mx\/wp-content\/uploads\/2017\/boletines\/06-04-2022_LINEAMIENTOS PARA LA NORMALIZACION DE LOS TRABAJADORES DE LOS SERVICIOS DE SALUD DE SINALOA.pdf\">Descarga<\/a><\/p>\n<div style=\"text-align: center;\"><b>DAN A CONOCER LINEAMIENTOS PARA LA NORMALIZACI\u00d3N DE LOS TRABAJADORES DE LOS SERVICIOS DE SALUD DE SINALOA<\/b><\/div>\n<p><i>* El Peri\u00f3dico Oficial del Estado de Sinaloa publica, en su edici\u00f3n de este mi\u00e9rcoles, la pauta a seguir para regular la situaci\u00f3n laboral de trabajadores del sector salud<\/i><\/p>\n<p><b>Culiac\u00e1n, Sinaloa a 6 de abril de 2022.-<\/b>\u00a0La Secretar\u00eda de Salud de Sinaloa informa que este d\u00eda se han hecho p\u00fablicos los lineamientos para la normalizaci\u00f3n de las y los trabajadores de los Servicios de Salud de Sinaloa, es a trav\u00e9s del Peri\u00f3dico Oficial del Estado de Sinaloa que se da a conocer de manera institucional que el contexto laboral de los trabajadores del sector salud en la entidad ser\u00e1 regularizado.<\/p>\n<p>El MC H\u00e9ctor Melesio Cu\u00e9n Ojeda, Secretario de Salud y director general de los Servicios de Salud de Sinaloa, expres\u00f3 que lo anterior significa un gran paso para quienes conforman el padr\u00f3n laboral de esta instancia al ver que el Gobernador del Estado, Dr. Rub\u00e9n Rocha Moya, da cumplimiento a su compromiso de procurar la estabilidad de quienes luchan por preservar la salud de los sinaloenses.<\/p>\n<p>\u201cEstamos contentos en la Secretar\u00eda de Salud por que hoy se public\u00f3 en el Peri\u00f3dico Oficial del Estado de Sinaloa lo que tiene que ver con la normalizaci\u00f3n laboral de los trabajadores por contrato de lo que es la Secretar\u00eda de Salud, recordando un poco, nuestro presidente de la Rep\u00fablica, Andr\u00e9s Manuel L\u00f3pez Obrador, tiene un compromiso de normalizar completamente todos aquellos trabajadores de contrato en lo que tiene que ver el \u00e1rea de salud, aqu\u00ed en Sinaloa son poco m\u00e1s de tres mil; vamos a seguir adelante, nosotros estamos convencidos que hay que respetar los derechos laborales de los trabajadores, que jam\u00e1s hay que pisotearlos y eso es algo que nos marc\u00f3 el se\u00f1or Gobernador en su momento, felicidades a los trabajadores de salud, esto ya comenz\u00f3 y esto ya no lo para nadie\u201d, destac\u00f3.<\/p>\n<p>Es as\u00ed que, al autorizar el Gobernador del Estado las primeras 400 plazas en el marco del Presupuesto de Egresos Estatal, cien m\u00e1s en junio, mientras llega el apoyo de la federaci\u00f3n, de tal manera que la buena noticia para los trabajadores de contrato es que ya apareci\u00f3 en el Peri\u00f3dico Oficial del Estado de Sinaloa todos los lineamientos a seguir y que ya han sido del conocimiento de los l\u00edderes sindicales del sector salud que lucharon mucho para que se obtuviera un logro de esta naturaleza.<\/p>\n<div><\/div>\n<div>\n<div><span style=\"font-size: large;\"><b><u>LINK VIDEO:<\/u><\/b><\/span><\/div>\n<div><\/div>\n<div><a href=\"https:\/\/drive.google.com\/file\/d\/1WLSFPDi0JNu_UtugyjWwHkxB0YCrGlPi\/view?usp=sharing\" target=\"_blank\" rel=\"noopener noreferrer\" data-saferedirecturl=\"https:\/\/www.google.com\/url?q=https:\/\/drive.google.com\/file\/d\/1WLSFPDi0JNu_UtugyjWwHkxB0YCrGlPi\/view?usp%3Dsharing&amp;source=gmail&amp;ust=1650385907534000&amp;usg=AOvVaw3kJmaYkSvvk-rNwtZEiqZu\">https:\/\/drive.google.com\/file\/<wbr \/>d\/1WLSFPDi0JNu_<wbr \/>UtugyjWwHkxB0YCrGlPi\/view?usp=<wbr \/>sharing<\/a><\/div>\n<\/div>\n","protected":false},"excerpt":{"rendered":"<p>Descarga DAN A CONOCER LINEAMIENTOS PARA LA NORMALIZACI\u00d3N DE LOS TRABAJADORES DE LOS SERVICIOS DE SALUD DE SINALOA * El Peri\u00f3dico Oficial del Estado de Sinaloa publica, en su edici\u00f3n de este mi\u00e9rcoles, la pauta a seguir para regular la situaci\u00f3n laboral de trabajadores del sector salud Culiac\u00e1n, Sinaloa a 6 de abril de 2022.-\u00a0La [&hellip;]<\/p>\n","protected":false},"author":1,"featured_media":13239,"comment_status":"closed","ping_status":"open","sticky":false,"template":"","format":"standard","meta":{"footnotes":""},"categories":[4,3],"tags":[],"class_list":["post-13238","post","type-post","status-publish","format-standard","has-post-thumbnail","hentry","category-boletines-prensa","category-prensa"],"_links":{"self":[{"href":"https:\/\/saludsinaloa.gob.mx\/index.php\/wp-json\/wp\/v2\/posts\/13238","targetHints":{"allow":["GET"]}}],"collection":[{"href":"https:\/\/saludsinaloa.gob.mx\/index.php\/wp-json\/wp\/v2\/posts"}],"about":[{"href":"https:\/\/saludsinaloa.gob.mx\/index.php\/wp-json\/wp\/v2\/types\/post"}],"author":[{"embeddable":true,"href":"https:\/\/saludsinaloa.gob.mx\/index.php\/wp-json\/wp\/v2\/users\/1"}],"replies":[{"embeddable":true,"href":"https:\/\/saludsinaloa.gob.mx\/index.php\/wp-json\/wp\/v2\/comments?post=13238"}],"version-history":[{"count":1,"href":"https:\/\/saludsinaloa.gob.mx\/index.php\/wp-json\/wp\/v2\/posts\/13238\/revisions"}],"predecessor-version":[{"id":13240,"href":"https:\/\/saludsinaloa.gob.mx\/index.php\/wp-json\/wp\/v2\/posts\/13238\/revisions\/13240"}],"wp:featuredmedia":[{"embeddable":true,"href":"https:\/\/saludsinaloa.gob.mx\/index.php\/wp-json\/wp\/v2\/media\/13239"}],"wp:attachment":[{"href":"https:\/\/saludsinaloa.gob.mx\/index.php\/wp-json\/wp\/v2\/media?parent=13238"}],"wp:term":[{"taxonomy":"category","embeddable":true,"href":"https:\/\/saludsinaloa.gob.mx\/index.php\/wp-json\/wp\/v2\/categories?post=13238"},{"taxonomy":"post_tag","embeddable":true,"href":"https:\/\/saludsinaloa.gob.mx\/index.php\/wp-json\/wp\/v2\/tags?post=13238"}],"curies":[{"name":"wp","href":"https:\/\/api.w.org\/{rel}","templated":true}]}}