{"id":13232,"date":"2022-04-08T12:37:11","date_gmt":"2022-04-08T12:37:11","guid":{"rendered":"http:\/\/saludsinaloa.gob.mx\/?p=13232"},"modified":"2022-04-18T16:38:22","modified_gmt":"2022-04-18T16:38:22","slug":"hoy-lo-que-nos-toca-como-autoridades-es-darle-seguimiento-al-covid-19-que-no-haya-otro-repunte-cuen-ojeda","status":"publish","type":"post","link":"https:\/\/saludsinaloa.gob.mx\/index.php\/2022\/04\/08\/hoy-lo-que-nos-toca-como-autoridades-es-darle-seguimiento-al-covid-19-que-no-haya-otro-repunte-cuen-ojeda\/","title":{"rendered":"\u201cHOY, LO QUE NOS TOCA COMO AUTORIDADES ES DARLE SEGUIMIENTO AL COVID-19, QUE NO HAYA OTRO REPUNTE\u201d, CU\u00c9N OJEDA"},"content":{"rendered":"<p>&nbsp;<\/p>\n<p style=\"font-weight: 400; text-align: center;\"><strong>\u201cHOY, LO QUE NOS TOCA COMO AUTORIDADES ES DARLE SEGUIMIENTO AL COVID-19, QUE NO HAYA OTRO REPUNTE\u201d, CU\u00c9N OJEDA<\/strong><\/p>\n<p style=\"font-weight: 400;\">\n<em>* Imparte conferencia presencial y virtual en el CVDR, Unidad Culiac\u00e1n, del IPN, sobre el panorama actual del COVID-19 en el estado<\/em><\/p>\n<p style=\"font-weight: 400;\"><strong>Culiac\u00e1n, Sinaloa a 8 de abril de 2022.-<\/strong>\u00a0El Secretario de Salud de Sinaloa, MC H\u00e9ctor Melesio Cu\u00e9n Ojeda, present\u00f3 la conferencia\u00a0<em>Estado Actual de la COVID-19 en Sinaloa ante los desaf\u00edos de la nueva normalidad<\/em>, en las instalaciones del Centro de Vinculaci\u00f3n y Desarrollo Regional, Unidad Culiac\u00e1n, del Instituto Polit\u00e9cnico Nacional, a trav\u00e9s de dicha actividad se reanudan las actividades presenciales en esta instituci\u00f3n educativa<em>.<\/em><\/p>\n<p style=\"font-weight: 400;\">Cu\u00e9n Ojeda destac\u00f3 el hecho de que la pandemia de COVID-19 ha significado un desaf\u00edo en todos los \u00e1mbitos de la sociedad, a\u00fan as\u00ed ya se contabilizan 10 semanas donde el n\u00famero de contagios por este virus va a la baja y en gran medida es como resultado de la vacunaci\u00f3n de gran parte de la poblaci\u00f3n.<\/p>\n<p style=\"font-weight: 400;\">\u201cYo lo que veo ahorita es que llevamos 10 semanas a la baja de lo que es el contagio por COVID-19, esa es la realidad que estamos viviendo hasta el d\u00eda de hoy, y hoy lo que nos toca a nosotros como autoridades es precisamente darle seguimiento, que no haya otro repunte; la ventaja es que la nueva sub variante no es m\u00e1s agresiva hasta el d\u00eda de hoy y esa es una gran ventaja y lo que estamos cuidando es que no evada la inmunidad generada por las vacunas que se est\u00e1n aplicando, y as\u00ed se forman anticuerpos contra todos esos ant\u00edgenos, que no son otra cosa m\u00e1s que el agente infeccioso a los que el cuerpo va y se le une al virus y lo destruye y evita que se genere la enfermedad, y muchas veces se genera la enfermedad a\u00fan estando inmune pero es mucho menos grave, y eso es lo que se busca\u201d, expuso.<\/p>\n<p style=\"font-weight: 400;\">Asimismo, puntualiz\u00f3 que se debe fortalecer de manera multidisciplinaria la promoci\u00f3n y prevenci\u00f3n de enfermedades que significan los principales problemas de salud en la entidad, como son las cr\u00f3nico degenerativas, hablando particularmente de diabetes, hipertensi\u00f3n, sobrepeso y obesidad, mismas que han sido factor detonante en las personas que las tienen y son contagiadas por COVID-19, y de no tener un control m\u00e9dico el impacto de la enfermedad es peligroso.<\/p>\n<p style=\"font-weight: 400;\">El director general de los Servicios de Salud de Sinaloa tuvo a bien informar que pr\u00f3ximamente se anunciar\u00e1 una nueva etapa de vacunaci\u00f3n para las personas mayores de 60 a\u00f1os que hayan cumplido un periodo de 4 meses despu\u00e9s de la aplicaci\u00f3n del refuerzo de la vacuna contra COVID-19, inmuniz\u00e1ndose con un segundo refuerzo.<\/p>\n<p><span style=\"font-weight: 400;\">En esta conferencia estuvieron presentes alumnos de la escuela preparatoria Hnos. Flores Mag\u00f3n de la Universidad Aut\u00f3noma de Sinaloa, as\u00ed como el director del CVDR del IPN, Dr. Carlos Camarillo Castro; entre otras autoridades institucionales y municipales.<\/span><\/p>\n","protected":false},"excerpt":{"rendered":"<p>&nbsp; \u201cHOY, LO QUE NOS TOCA COMO AUTORIDADES ES DARLE SEGUIMIENTO AL COVID-19, QUE NO HAYA OTRO REPUNTE\u201d, CU\u00c9N OJEDA * Imparte conferencia presencial y virtual en el CVDR, Unidad Culiac\u00e1n, del IPN, sobre el panorama actual del COVID-19 en el estado Culiac\u00e1n, Sinaloa a 8 de abril de 2022.-\u00a0El Secretario de Salud de Sinaloa, [&hellip;]<\/p>\n","protected":false},"author":1,"featured_media":13233,"comment_status":"closed","ping_status":"open","sticky":false,"template":"","format":"standard","meta":{"footnotes":""},"categories":[4,3],"tags":[],"class_list":["post-13232","post","type-post","status-publish","format-standard","has-post-thumbnail","hentry","category-boletines-prensa","category-prensa"],"_links":{"self":[{"href":"https:\/\/saludsinaloa.gob.mx\/index.php\/wp-json\/wp\/v2\/posts\/13232","targetHints":{"allow":["GET"]}}],"collection":[{"href":"https:\/\/saludsinaloa.gob.mx\/index.php\/wp-json\/wp\/v2\/posts"}],"about":[{"href":"https:\/\/saludsinaloa.gob.mx\/index.php\/wp-json\/wp\/v2\/types\/post"}],"author":[{"embeddable":true,"href":"https:\/\/saludsinaloa.gob.mx\/index.php\/wp-json\/wp\/v2\/users\/1"}],"replies":[{"embeddable":true,"href":"https:\/\/saludsinaloa.gob.mx\/index.php\/wp-json\/wp\/v2\/comments?post=13232"}],"version-history":[{"count":1,"href":"https:\/\/saludsinaloa.gob.mx\/index.php\/wp-json\/wp\/v2\/posts\/13232\/revisions"}],"predecessor-version":[{"id":13234,"href":"https:\/\/saludsinaloa.gob.mx\/index.php\/wp-json\/wp\/v2\/posts\/13232\/revisions\/13234"}],"wp:featuredmedia":[{"embeddable":true,"href":"https:\/\/saludsinaloa.gob.mx\/index.php\/wp-json\/wp\/v2\/media\/13233"}],"wp:attachment":[{"href":"https:\/\/saludsinaloa.gob.mx\/index.php\/wp-json\/wp\/v2\/media?parent=13232"}],"wp:term":[{"taxonomy":"category","embeddable":true,"href":"https:\/\/saludsinaloa.gob.mx\/index.php\/wp-json\/wp\/v2\/categories?post=13232"},{"taxonomy":"post_tag","embeddable":true,"href":"https:\/\/saludsinaloa.gob.mx\/index.php\/wp-json\/wp\/v2\/tags?post=13232"}],"curies":[{"name":"wp","href":"https:\/\/api.w.org\/{rel}","templated":true}]}}