{"id":13181,"date":"2022-03-04T11:21:43","date_gmt":"2022-03-04T11:21:43","guid":{"rendered":"http:\/\/saludsinaloa.gob.mx\/?p=13181"},"modified":"2022-03-07T16:24:24","modified_gmt":"2022-03-07T16:24:24","slug":"secretaria-de-salud-presenta-al-gobernador-ruben-rocha-moya-resultados-de-la-primera-etapa-de-basificacion","status":"publish","type":"post","link":"https:\/\/saludsinaloa.gob.mx\/index.php\/2022\/03\/04\/secretaria-de-salud-presenta-al-gobernador-ruben-rocha-moya-resultados-de-la-primera-etapa-de-basificacion\/","title":{"rendered":"SECRETAR\u00cdA DE SALUD PRESENTA AL GOBERNADOR RUB\u00c9N ROCHA MOYA RESULTADOS DE LA PRIMERA ETAPA DE BASIFICACI\u00d3N"},"content":{"rendered":"<p><a href=\"http:\/\/saludsinaloa.gob.mx\/wp-content\/uploads\/2017\/boletines\/04-02-2022-SECRETARIA DE SALUD PRESENTA AL GOBERNADOR RUBEN ROCHA MOYA RESULTADOS DE LA PRIMERA ETAPA DE BASIFICACION.pdf\">Descarga<\/a><\/p>\n<p>&nbsp;<\/p>\n<div style=\"text-align: center;\"><b>SECRETAR\u00cdA DE SALUD PRESENTA AL GOBERNADOR RUB\u00c9N ROCHA MOYA RESULTADOS DE LA PRIMERA ETAPA DE BASIFICACI\u00d3N<\/b><\/div>\n<p><i>* Un trabajador del \u00e1rea de Vectores ser\u00e1 el primero en recibir su base al estar trabajando de contrato desde el a\u00f1o 1992<\/i><\/p>\n<p><b>Culiac\u00e1n, Sinaloa, a 4 de marzo de 2022.-<\/b>\u00a0El Gobierno del Estado de Sinaloa, a trav\u00e9s de la Secretar\u00eda de Salud, ha puesto de manifiesto su inter\u00e9s por dar certidumbre laboral a las y los trabajadores del sector salud para que ellos a su vez otorguen una atenci\u00f3n \u00edntegra y de calidad a las poblaci\u00f3n sinaloense.<\/p>\n<p>El MC H\u00e9ctor Melesio Cu\u00e9n Ojeda, titular de esta dependencia, se mostr\u00f3 satisfecho por los logros alcanzados, todo gracias a la disposici\u00f3n y apertura del Gobernador del Estado, Dr. Rub\u00e9n Rocha Moya, quien apost\u00f3 por salvaguardar los derechos de los trabajadores de esta \u00e1rea.<\/p>\n<p>\u201cPr\u00e1cticamente, aunque hay que darle seguimiento hasta el final, por instrucciones del se\u00f1or Gobernador, a lo que es ya la basificaci\u00f3n de los trabajadores de contrato de aqu\u00ed del sector salud del Estado de Sinaloa, la verdad que estoy encantado en este momento porque tuvimos m\u00e1s de 50 reuniones para poseer llegar a un acuerdo donde hubo un consenso de todos los l\u00edderes para repartir 400 plazas que generosamente aprob\u00f3 el Congreso del Estado de Sinaloa a propuesta del Dr. Rub\u00e9n Rocha Moya para los trabajadores de salud, de tal manera que en estos momentos concluimos con la revisi\u00f3n y estamos contentos porque una instrucci\u00f3n de nuestro Gobernador es que no s\u00e9 pisoteen los derechos laborales de los trabajadores de la salud y yo traigo esa premisa tambi\u00e9n\u201d, puntualiz\u00f3.<\/p>\n<p>De esta manera se hizo entrega a las autoridades estatales de un listado de escalaf\u00f3n con un total de 3029 trabajadores de contrato, de los cuales los primeros 400 recibir\u00e1n su base en este mes de marzo con retroactivo al mes de enero, dando cumplimiento al compromiso realizado al inicio de esta administraci\u00f3n.<\/p>\n<p>Asimismo se dar\u00e1 continuidad al proceso ya que para el mes de junio est\u00e1n aprobadas cien bases m\u00e1s y tambi\u00e9n esperar las que lleguen a Sinaloa de parte de la Federaci\u00f3n.<\/p>\n<p>Por su parte el Dr. Jos\u00e9 Luis Castro Monta\u00f1ez, secretario general del Sindicato Nacional de Salud, Secci\u00f3n 18, y miembro de este comit\u00e9 de unidad que se ha mantenido en reuni\u00f3n permanente para ver por los derechos laborales de los trabajadores del sector salud, fue enf\u00e1tico al mencionar que el compromiso hecho por el propio Gobernador del Estado ha sido cumplido para el personal de este sector que es prioritario en la atenci\u00f3n a la sociedad sinaloense.<\/p>\n<p>\u201cEst\u00e1 reuni\u00f3n con el se\u00f1or Gobernador y con el Secretario de Salud fue en respuesta a el trabajo que se ha venido realizando desde hace m\u00e1s de tres meses con el objetivo de hacer una lista de trabajadores a basificar, hacer un escalaf\u00f3n de los contratos para que se regularicen de acuerdo a la antig\u00fcedad demostrada por los trabajadores eso te habla de la importancia de este revisi\u00f3n, de esta correcci\u00f3n, pero sobre todo nos reafirma el compromiso del Gobernador y del Secretario de Salud de darle respuesta a esos trabajadores que por tantos a\u00f1os han visto violados sus derechos\u201d, declar\u00f3.<\/p>\n<p>Como parte de este comit\u00e9 tambi\u00e9n estuvo la Dra. Andrea Margarita Carrillo R\u00edos, Odont\u00f3loga del Centro de Salud Urbano de Culiac\u00e1n, quien asegur\u00f3 la satisfacci\u00f3n en cada unos de los trabajadores beneficiados con este proceso de adjudicaci\u00f3n de bases, as\u00ed como sus familias al ver cristalizada su seguridad laboral.<\/p>\n<p>\u201cFue una peque\u00f1a reuni\u00f3n muy importante, muy significativa, donde el Gobernador nos reconoce a todos como unidad, el esfuerzo que hemos hecho, le planteamos que era una problem\u00e1tica por m\u00e1s de 20 a\u00f1os, que el primero que viene en la lista es un compa\u00f1ero trabajador vector que tiene contrato desde 1992 y que todas esas primeras 400 familias estar\u00e1n eternamente agradecidos porque esto es hist\u00f3rico, ten\u00edamos varios sexenios que no se tomaba en cuenta a este personal violando sus derechos laborales y su antig\u00fcedad en los servicios de salud, la verdad tenemos un muy buen sabor de boca y estamos muy contentos\u201d, expres\u00f3.<\/p>\n<p>Participaron en esta mesa integrantes de la Comisi\u00f3n de Salud y Asistencia del Congreso del Estado de Sinaloa, diputada Viridiana Camacho Mill\u00e1n, presidenta; el diputado Pedro Alonso Villegas Lobo, secretario, y los diputados Adolfo Beltr\u00e1n Corrales y Ambrocio Ch\u00e1vez Ch\u00e1vez.<\/p>\n<p>Por parte de los representantes de los trabajadores del sector salud asistieron Reyna Franco, Juan Jos\u00e9 L\u00f3pez, Edgar Vega, Eva Luz Carrillo, Leobardo de la Herr\u00e1n, Leticia S\u00e1nchez, Rub\u00e9n Arroyo, Elsa L\u00f3pez, Humberto Guerrero, y Nancy Valenzuela.<\/p>\n","protected":false},"excerpt":{"rendered":"<p>Descarga &nbsp; SECRETAR\u00cdA DE SALUD PRESENTA AL GOBERNADOR RUB\u00c9N ROCHA MOYA RESULTADOS DE LA PRIMERA ETAPA DE BASIFICACI\u00d3N * Un trabajador del \u00e1rea de Vectores ser\u00e1 el primero en recibir su base al estar trabajando de contrato desde el a\u00f1o 1992 Culiac\u00e1n, Sinaloa, a 4 de marzo de 2022.-\u00a0El Gobierno del Estado de Sinaloa, a [&hellip;]<\/p>\n","protected":false},"author":1,"featured_media":13182,"comment_status":"closed","ping_status":"open","sticky":false,"template":"","format":"standard","meta":{"footnotes":""},"categories":[4,3],"tags":[],"class_list":["post-13181","post","type-post","status-publish","format-standard","has-post-thumbnail","hentry","category-boletines-prensa","category-prensa"],"_links":{"self":[{"href":"https:\/\/saludsinaloa.gob.mx\/index.php\/wp-json\/wp\/v2\/posts\/13181","targetHints":{"allow":["GET"]}}],"collection":[{"href":"https:\/\/saludsinaloa.gob.mx\/index.php\/wp-json\/wp\/v2\/posts"}],"about":[{"href":"https:\/\/saludsinaloa.gob.mx\/index.php\/wp-json\/wp\/v2\/types\/post"}],"author":[{"embeddable":true,"href":"https:\/\/saludsinaloa.gob.mx\/index.php\/wp-json\/wp\/v2\/users\/1"}],"replies":[{"embeddable":true,"href":"https:\/\/saludsinaloa.gob.mx\/index.php\/wp-json\/wp\/v2\/comments?post=13181"}],"version-history":[{"count":1,"href":"https:\/\/saludsinaloa.gob.mx\/index.php\/wp-json\/wp\/v2\/posts\/13181\/revisions"}],"predecessor-version":[{"id":13183,"href":"https:\/\/saludsinaloa.gob.mx\/index.php\/wp-json\/wp\/v2\/posts\/13181\/revisions\/13183"}],"wp:featuredmedia":[{"embeddable":true,"href":"https:\/\/saludsinaloa.gob.mx\/index.php\/wp-json\/wp\/v2\/media\/13182"}],"wp:attachment":[{"href":"https:\/\/saludsinaloa.gob.mx\/index.php\/wp-json\/wp\/v2\/media?parent=13181"}],"wp:term":[{"taxonomy":"category","embeddable":true,"href":"https:\/\/saludsinaloa.gob.mx\/index.php\/wp-json\/wp\/v2\/categories?post=13181"},{"taxonomy":"post_tag","embeddable":true,"href":"https:\/\/saludsinaloa.gob.mx\/index.php\/wp-json\/wp\/v2\/tags?post=13181"}],"curies":[{"name":"wp","href":"https:\/\/api.w.org\/{rel}","templated":true}]}}