{"id":12996,"date":"2021-12-31T00:54:47","date_gmt":"2021-12-31T00:54:47","guid":{"rendered":"http:\/\/saludsinaloa.gob.mx\/?p=12996"},"modified":"2022-01-05T00:59:36","modified_gmt":"2022-01-05T00:59:36","slug":"las-medidas-de-sanidad-son-vitales-para-contener-la-cuarta-ola-en-nuestro-estado-cuen-ojeda","status":"publish","type":"post","link":"https:\/\/saludsinaloa.gob.mx\/index.php\/2021\/12\/31\/las-medidas-de-sanidad-son-vitales-para-contener-la-cuarta-ola-en-nuestro-estado-cuen-ojeda\/","title":{"rendered":"LAS MEDIDAS DE SANIDAD SON VITALES PARA CONTENER LA CUARTA OLA EN NUESTRO ESTADO; CU\u00c9N OJEDA"},"content":{"rendered":"<p><a href=\"http:\/\/saludsinaloa.gob.mx\/wp-content\/uploads\/2017\/boletines\/31-12-2020-LAS MEDIDAS DE SANIDAD SON VITALES PARA CONTENER LA CUARTA OLA EN NUESTRO ESTADO CUEN OJEDA.pdf\">Descarga<\/a><\/p>\n<p style=\"font-weight: 400; text-align: center;\"><strong>LAS MEDIDAS DE SANIDAD SON VITALES PARA CONTENER LA CUARTA OLA EN NUESTRO ESTADO; CU\u00c9N OJEDA<\/strong><\/p>\n<p style=\"font-weight: 400;\">*Secretario de Salud de Sinaloa inform\u00f3 que son 31 casos compatibles a la nueva variante \u00d3micron en el estado y confirma incremento en el n\u00famero de casos positivos a Covid -19 en los \u00faltimos d\u00edas<\/p>\n<p style=\"font-weight: 400;\">Culiac\u00e1n, Sinaloa, 31 de diciembre del 2021; El repunte de casos positivos a Covid \u2013 19 registrado en los \u00faltimos d\u00edas entre 90 y 100 casos diarios, aunado a 1 caso confirmado y 31 casos compatibles a la nueva variante \u00d3micron, nos obliga a todos a retomar como nunca la responsabilidad de cuidarnos con las medidas de sanidad ya conocidas para contener la cuarta ola en nuestro estado; uso de cubre boca, sana distancia y lavado de manos, advirti\u00f3 el MC. H\u00e9ctor Melesio Cu\u00e9n Ojeda, Secretario de Salud de Sinaloa.<\/p>\n<p style=\"font-weight: 400;\">El responsable de la Salud en la entidad, estableci\u00f3 que tal como se hab\u00eda previsto en M\u00e9xico se han registrado un incremento en los casos positivos a Covid \u2013 19, el d\u00eda de antier de m\u00e1s de 5 mil casos y ayer de m\u00e1s de 8 mil casos positivos, de ah\u00ed la necesidad de que autoridades y poblaci\u00f3n en conjunto retomen m\u00e1s que nunca las medidas de sanidad y se contin\u00fae acudiendo a la vacunaci\u00f3n para con ello buscar mayor protecci\u00f3n ante el Covid \u2013 19.<\/p>\n<p style=\"font-weight: 400;\">\u201cDefinitivamente estamos cerrando con un repunte de los contagios por Covid \u2013 19 y esto hasta cierto punto es l\u00f3gico porque es el curso que sigue una pandemia en este momento, est\u00e1 pandemias ha caracterizado porque primero llega all\u00e1 a lo que es el continente Europeo viene y nos pega al continente americano, llega a Estados Unidos d\u00f3nde estamos teniendo casos de contagio en un d\u00eda hasta cerca de 500 mil as\u00ed hay que decirlo y posteriormente llega a M\u00e9xico, as\u00ed pas\u00f3 en la primera en la segunda ola y no tiene porque\u00a0 no pasar hoy ojal\u00e1 y no pase, lo cierto es que ya en estos d\u00edas ya tenemos 90 a 100 contagios diarios en Sinaloa y en M\u00e9xico el d\u00eda de antier m\u00e1s de 5 mil contagios y ayer m\u00e1s de 8 mil casos, de tal manera que ya lleg\u00f3 ya es ineludible que tenemos aqu\u00ed la cuarta ola de contagio es ineludible tambi\u00e9n que ya llego la nueva variante \u00d3micron, de tal manera que todo el mundo a cuidarse\u201d, afirm\u00f3.<\/p>\n<p style=\"font-weight: 400;\">Respecto a las festividades de fin de a\u00f1o, inst\u00f3 a la poblaci\u00f3n en general a celebrar la llegada del 2022 en familia y portar siempre el cubre bocas como un acto de amor hac\u00eda nuestros seres queridos, pues reiter\u00f3 que el mundo entero contin\u00faa en pandemia y contener la cuarta ola es responsabilidad de todas y todos.<\/p>\n","protected":false},"excerpt":{"rendered":"<p>Descarga LAS MEDIDAS DE SANIDAD SON VITALES PARA CONTENER LA CUARTA OLA EN NUESTRO ESTADO; CU\u00c9N OJEDA *Secretario de Salud de Sinaloa inform\u00f3 que son 31 casos compatibles a la nueva variante \u00d3micron en el estado y confirma incremento en el n\u00famero de casos positivos a Covid -19 en los \u00faltimos d\u00edas Culiac\u00e1n, Sinaloa, 31 [&hellip;]<\/p>\n","protected":false},"author":1,"featured_media":12997,"comment_status":"closed","ping_status":"open","sticky":false,"template":"","format":"standard","meta":{"footnotes":""},"categories":[4,3],"tags":[],"class_list":["post-12996","post","type-post","status-publish","format-standard","has-post-thumbnail","hentry","category-boletines-prensa","category-prensa"],"_links":{"self":[{"href":"https:\/\/saludsinaloa.gob.mx\/index.php\/wp-json\/wp\/v2\/posts\/12996","targetHints":{"allow":["GET"]}}],"collection":[{"href":"https:\/\/saludsinaloa.gob.mx\/index.php\/wp-json\/wp\/v2\/posts"}],"about":[{"href":"https:\/\/saludsinaloa.gob.mx\/index.php\/wp-json\/wp\/v2\/types\/post"}],"author":[{"embeddable":true,"href":"https:\/\/saludsinaloa.gob.mx\/index.php\/wp-json\/wp\/v2\/users\/1"}],"replies":[{"embeddable":true,"href":"https:\/\/saludsinaloa.gob.mx\/index.php\/wp-json\/wp\/v2\/comments?post=12996"}],"version-history":[{"count":1,"href":"https:\/\/saludsinaloa.gob.mx\/index.php\/wp-json\/wp\/v2\/posts\/12996\/revisions"}],"predecessor-version":[{"id":12998,"href":"https:\/\/saludsinaloa.gob.mx\/index.php\/wp-json\/wp\/v2\/posts\/12996\/revisions\/12998"}],"wp:featuredmedia":[{"embeddable":true,"href":"https:\/\/saludsinaloa.gob.mx\/index.php\/wp-json\/wp\/v2\/media\/12997"}],"wp:attachment":[{"href":"https:\/\/saludsinaloa.gob.mx\/index.php\/wp-json\/wp\/v2\/media?parent=12996"}],"wp:term":[{"taxonomy":"category","embeddable":true,"href":"https:\/\/saludsinaloa.gob.mx\/index.php\/wp-json\/wp\/v2\/categories?post=12996"},{"taxonomy":"post_tag","embeddable":true,"href":"https:\/\/saludsinaloa.gob.mx\/index.php\/wp-json\/wp\/v2\/tags?post=12996"}],"curies":[{"name":"wp","href":"https:\/\/api.w.org\/{rel}","templated":true}]}}