{"id":12711,"date":"2021-11-28T09:43:43","date_gmt":"2021-11-28T09:43:43","guid":{"rendered":"http:\/\/saludsinaloa.gob.mx\/?p=12711"},"modified":"2021-11-29T19:45:14","modified_gmt":"2021-11-29T19:45:14","slug":"sinaloa-ha-sido-un-ejemplo-de-vacunacion-a-nivel-nacional-cuen-ojeda","status":"publish","type":"post","link":"https:\/\/saludsinaloa.gob.mx\/index.php\/2021\/11\/28\/sinaloa-ha-sido-un-ejemplo-de-vacunacion-a-nivel-nacional-cuen-ojeda\/","title":{"rendered":"\u201cSINALOA HA SIDO UN EJEMPLO DE VACUNACI\u00d3N A NIVEL NACIONAL\u201d, CUEN OJEDA"},"content":{"rendered":"<p><strong><a href=\"http:\/\/saludsinaloa.gob.mx\/wp-content\/uploads\/2017\/boletines\/28-11-2021-SINALOA HA SIDO UN EJEMPLO DE VACUNACION A NIVEL NACIONAL CUEN OJEDA.pdf\" target=\"_blank\" rel=\"noopener noreferrer\">Descargar<\/a><\/strong><\/p>\n<p>&nbsp;<\/p>\n<p style=\"font-weight: 400; text-align: center;\"><strong>\u201cSINALOA HA SIDO UN EJEMPLO DE VACUNACI\u00d3N A NIVEL NACIONAL\u201d, CUEN OJEDA<\/strong><\/p>\n<p style=\"font-weight: 400;\"><em>* Comando Estatal de Vacunaci\u00f3n extiende calendario de inoculaci\u00f3n contra COVID-19 y anuncia nuevas sedes en Sinaloa, se instalar\u00e1n Centros de Vacunaci\u00f3n en los municipios de El Fuerte y Guasave, as\u00ed como nuevos puntos en Ahome y ratifica los ya anunciados en Culiac\u00e1n y Mazatl\u00e1n.<\/em><\/p>\n<p style=\"font-weight: 400;\"><strong>Culiac\u00e1n, Sinaloa, a 28 de noviembre de 2021.-\u00a0<\/strong>El Comando Estatal de Vacunaci\u00f3n llev\u00f3 a cabo una reuni\u00f3n extraordinaria para dar a conocer una extensi\u00f3n en el calendario de vacunaci\u00f3n contra COVID-19 a menores de 15 a 17 a\u00f1os de edad, esto debido a la excelente convocatoria que se ha tenido por parte de la poblaci\u00f3n al acudir a recibir esta vacuna y protegerse contra este virus.<\/p>\n<p style=\"font-weight: 400;\">El Secretario de Salud, MC H\u00e9ctor Melesio Cu\u00e9n Ojeda, en su calidad de vocero de este Comando, felicit\u00f3 a los padres de familia y a los j\u00f3venes sinaloenses que se animaron a vacunarse en los diferentes centros de vacunaci\u00f3n instalados en tres municipios durante esta semana, dio a conocer que se logr\u00f3 un promedio de 12 mil 500 j\u00f3venes vacunados en cuatro d\u00edas, llegando a los 50 mil j\u00f3venes inmunizados hasta el d\u00eda de ayer, es por ello que se tomaron nuevas estrategias para facilitar este proceso a la poblaci\u00f3n y alcanzar el objetivo de que todo Sinaloa se vea protegido con la vacuna contra el COVID-19.<\/p>\n<p style=\"font-weight: 400;\">\u201cSinaloa ha sido un ejemplo de vacunaci\u00f3n a nivel nacional, est\u00e1 a punto de llegar al 58 por ciento de aquellas personas independientemente de la edad\u00a0 aqu\u00ed en nuestro estado que tiene un esquema completo, contra casi un 52 por ciento a nivel nacional; quiero decirles a todas y todos ustedes que la vacunaci\u00f3n contin\u00faa y aqu\u00ed en Culiac\u00e1n vamos a darle continuidad a partir de ma\u00f1ana lunes 29 de noviembre hasta el domingo 5 de diciembre en las instalaciones de la 9na Zona Militar; en Mazatl\u00e1n se continuar\u00e1 en el Hospital Militar de Especialidades y se agrega tambi\u00e9n como sede el Polideportivo de la Universidad Aut\u00f3noma de Sinaloa del lunes 29 al 5 de diciembre; en Ahome dar\u00e1 inicio el martes 30 de noviembre hasta el 5 de diciembre en el Hospital Gineco-Pedi\u00e1trico No. 2 y hay algo bien importante para los ahomenses, vamos a estar tambi\u00e9n en el Centro de usos M\u00faltiples, esto se suma debido a que son much\u00edsimos j\u00f3venes los que est\u00e1n asistiendo en este momento; y hay algo importante porque vamos a estar reforzando con el municipio de El Fuerte que vamos a estar a partir del mi\u00e9rcoles 1 de diciembre al s\u00e1bado 4 de diciembre en el Auditorio Municipal; y en Guasave a partir del viernes 3 de diciembre al mi\u00e9rcoles 8 de diciembre en la Facultad de Ciencias Administrativas de la Universidad Aut\u00f3noma de Sinaloa, es muy importante que t\u00fa padre de familia animes a tus hijos para que todos ellos se vacunen, hay problemas fuertes en el mundo, son problemas sanitarios pero todo tiene remedio y lo mejor que existe es la prevenci\u00f3n y la prevenci\u00f3n en este momento es la vacuna y est\u00e1 a tu disposici\u00f3n que es lo m\u00e1s importante\u201d, se\u00f1al\u00f3.<\/p>\n<p style=\"font-weight: 400;\">Afirm\u00f3 que se mantienen los puestos fijos de vacunaci\u00f3n para aquellas personas mayores de 18 a\u00f1os de edad que se han rezagado en este proceso, que no haya pretexto y tratar de llegar al cien por ciento de que la poblaci\u00f3n tenga cuando menos una vacuna contra el virus SARS-CoV-2.<\/p>\n<p><span style=\"font-weight: 400;\">Estuvieron presentes en este encuentro el General H\u00e9ctor \u00c1vila Alcocer, por parte de las Fuerzas Armadas; Dra. Tania Clarisa Medina L\u00f3pez, delegada del IMSS en Sinaloa; Dr. Gerardo Alapizco Castro, Secretario General de la UAS; as\u00ed como representante de la Delegaci\u00f3n de Programas Federales de Bienestar en Sinaloa.<\/span><\/p>\n","protected":false},"excerpt":{"rendered":"<p>Descargar &nbsp; \u201cSINALOA HA SIDO UN EJEMPLO DE VACUNACI\u00d3N A NIVEL NACIONAL\u201d, CUEN OJEDA * Comando Estatal de Vacunaci\u00f3n extiende calendario de inoculaci\u00f3n contra COVID-19 y anuncia nuevas sedes en Sinaloa, se instalar\u00e1n Centros de Vacunaci\u00f3n en los municipios de El Fuerte y Guasave, as\u00ed como nuevos puntos en Ahome y ratifica los ya anunciados [&hellip;]<\/p>\n","protected":false},"author":1,"featured_media":12712,"comment_status":"closed","ping_status":"open","sticky":false,"template":"","format":"standard","meta":{"footnotes":""},"categories":[4,3],"tags":[],"class_list":["post-12711","post","type-post","status-publish","format-standard","has-post-thumbnail","hentry","category-boletines-prensa","category-prensa"],"_links":{"self":[{"href":"https:\/\/saludsinaloa.gob.mx\/index.php\/wp-json\/wp\/v2\/posts\/12711","targetHints":{"allow":["GET"]}}],"collection":[{"href":"https:\/\/saludsinaloa.gob.mx\/index.php\/wp-json\/wp\/v2\/posts"}],"about":[{"href":"https:\/\/saludsinaloa.gob.mx\/index.php\/wp-json\/wp\/v2\/types\/post"}],"author":[{"embeddable":true,"href":"https:\/\/saludsinaloa.gob.mx\/index.php\/wp-json\/wp\/v2\/users\/1"}],"replies":[{"embeddable":true,"href":"https:\/\/saludsinaloa.gob.mx\/index.php\/wp-json\/wp\/v2\/comments?post=12711"}],"version-history":[{"count":1,"href":"https:\/\/saludsinaloa.gob.mx\/index.php\/wp-json\/wp\/v2\/posts\/12711\/revisions"}],"predecessor-version":[{"id":12713,"href":"https:\/\/saludsinaloa.gob.mx\/index.php\/wp-json\/wp\/v2\/posts\/12711\/revisions\/12713"}],"wp:featuredmedia":[{"embeddable":true,"href":"https:\/\/saludsinaloa.gob.mx\/index.php\/wp-json\/wp\/v2\/media\/12712"}],"wp:attachment":[{"href":"https:\/\/saludsinaloa.gob.mx\/index.php\/wp-json\/wp\/v2\/media?parent=12711"}],"wp:term":[{"taxonomy":"category","embeddable":true,"href":"https:\/\/saludsinaloa.gob.mx\/index.php\/wp-json\/wp\/v2\/categories?post=12711"},{"taxonomy":"post_tag","embeddable":true,"href":"https:\/\/saludsinaloa.gob.mx\/index.php\/wp-json\/wp\/v2\/tags?post=12711"}],"curies":[{"name":"wp","href":"https:\/\/api.w.org\/{rel}","templated":true}]}}