{"id":12608,"date":"2021-11-10T11:15:52","date_gmt":"2021-11-10T11:15:52","guid":{"rendered":"http:\/\/saludsinaloa.gob.mx\/?p=12608"},"modified":"2021-11-16T19:20:55","modified_gmt":"2021-11-16T19:20:55","slug":"estamos-platicando-tratando-de-arreglar-la-situacion-y-hacer-un-compromiso-formal-con-los-trabajadores-m-c-cuen-ojeda","status":"publish","type":"post","link":"https:\/\/saludsinaloa.gob.mx\/index.php\/2021\/11\/10\/estamos-platicando-tratando-de-arreglar-la-situacion-y-hacer-un-compromiso-formal-con-los-trabajadores-m-c-cuen-ojeda\/","title":{"rendered":"\u201cESTAMOS PLATICANDO, TRATANDO DE ARREGLAR LA SITUACI\u00d3N Y HACER UN COMPROMISO FORMAL CON LOS TRABAJADORES\u201d, M.C. CU\u00c9N OJEDA"},"content":{"rendered":"<p><strong><a href=\"http:\/\/saludsinaloa.gob.mx\/wp-content\/uploads\/2017\/boletines\/10-11-2021-ESTAMOS PLATICANDO, TRATANDO DE ARREGLAR LA SITUACION Y HACER UN COMPROMISO FORMAL CON LOS TRABAJADORES.pdf\" target=\"_blank\" rel=\"noopener noreferrer\">Descargar<\/a><\/strong><\/p>\n<p>&nbsp;<\/p>\n<p style=\"font-weight: 400;\"><strong>\u201cESTAMOS PLATICANDO, TRATANDO DE ARREGLAR LA SITUACI\u00d3N Y HACER UN COMPROMISO FORMAL CON LOS TRABAJADORES\u201d, M.C. CU\u00c9N OJEDA<\/strong><\/p>\n<p style=\"font-weight: 400;\"><em>* Prevalece el compromiso del Gobernador del Estado, Dr. Rub\u00e9n Rocha Moya, al dialogar con personal del sector salud para atender situaci\u00f3n laboral de manera legal.<\/em><\/p>\n<p style=\"font-weight: 400;\"><strong>Culiac\u00e1n, Sinaloa a 10 de noviembre de 2021.-\u00a0<\/strong>La Secretar\u00eda de Salud de Sinaloa se encuentra en la mejor disposici\u00f3n de dialogar, dando atenci\u00f3n a todos los trabajadores del sector salud que as\u00ed lo requieran en la b\u00fasqueda de justicia laboral siguiendo el proyecto de Gobierno del Dr. Rub\u00e9n Rocha Moya.<\/p>\n<p style=\"font-weight: 400;\">El M.C. H\u00e9ctor Melesio Cu\u00e9n Ojeda, Secretario de Salud, puntualiz\u00f3 que la asignaci\u00f3n de recursos destinado a bases de esta dependencia por parte de la federaci\u00f3n se realizar\u00e1 a inicios del pr\u00f3ximo a\u00f1o 2022, por lo que pide paciencia a los trabajadores ya que se elaborar\u00e1 el listado en un an\u00e1lisis detallado para que sea conforme a derecho y respetando su estatus laboral.<\/p>\n<p style=\"font-weight: 400;\">\u201cTal como lo dijo el Gobernador Rub\u00e9n Rocha Moya est\u00e1 en toda la disposici\u00f3n de arreglarlo, ya llevamos 12 reuniones de la mesa de negociaci\u00f3n y aqu\u00ed de lo que se trata es cruzar la informaci\u00f3n de recursos humanos con la que traen los trabajadores para identificar aquellas plazas irregulares y en ese tenor se va a dar un tiempo para que las personas reclamen su derecho sobre esas plazas que se entregaron y si se comprueba se les va a entregar a la gente de manera legal, de manera justa, eso es lo que estamos viendo, no estamos cruzados de brazos, estamos en las pl\u00e1ticas de negociaci\u00f3n, pero sobre todo le estamos poniendo \u00e9nfasis en este momento a las plazas irregulares, estamos platicando, tratando de arreglar la situaci\u00f3n y hacer un compromiso formal con los trabajadores\u201d, explic\u00f3.<\/p>\n<p style=\"font-weight: 400;\">Destac\u00f3 el hecho que el an\u00e1lisis de asignaci\u00f3n de bases al personal del sector salud de la entidad por parte de la anterior administraci\u00f3n se mantiene, con lo cual se tomar\u00e1n decisiones justas en los pr\u00f3ximos quince d\u00edas.<\/p>\n<p style=\"font-weight: 400;\">A la par de la situaci\u00f3n laboral del personal del sector salud en d\u00edas pr\u00f3ximos se estar\u00e1 dando atenci\u00f3n tambi\u00e9n a personal del sur del estado para que cuestiones de infraestructura y equipo de trabajo sean resueltas a la brevedad para que no se vea afectada la atenci\u00f3n a la sociedad sinaloense en estos rubros.<\/p>\n","protected":false},"excerpt":{"rendered":"<p>Descargar &nbsp; \u201cESTAMOS PLATICANDO, TRATANDO DE ARREGLAR LA SITUACI\u00d3N Y HACER UN COMPROMISO FORMAL CON LOS TRABAJADORES\u201d, M.C. CU\u00c9N OJEDA * Prevalece el compromiso del Gobernador del Estado, Dr. Rub\u00e9n Rocha Moya, al dialogar con personal del sector salud para atender situaci\u00f3n laboral de manera legal. Culiac\u00e1n, Sinaloa a 10 de noviembre de 2021.-\u00a0La Secretar\u00eda [&hellip;]<\/p>\n","protected":false},"author":1,"featured_media":12593,"comment_status":"closed","ping_status":"open","sticky":false,"template":"","format":"standard","meta":{"footnotes":""},"categories":[4,3],"tags":[],"class_list":["post-12608","post","type-post","status-publish","format-standard","has-post-thumbnail","hentry","category-boletines-prensa","category-prensa"],"_links":{"self":[{"href":"https:\/\/saludsinaloa.gob.mx\/index.php\/wp-json\/wp\/v2\/posts\/12608","targetHints":{"allow":["GET"]}}],"collection":[{"href":"https:\/\/saludsinaloa.gob.mx\/index.php\/wp-json\/wp\/v2\/posts"}],"about":[{"href":"https:\/\/saludsinaloa.gob.mx\/index.php\/wp-json\/wp\/v2\/types\/post"}],"author":[{"embeddable":true,"href":"https:\/\/saludsinaloa.gob.mx\/index.php\/wp-json\/wp\/v2\/users\/1"}],"replies":[{"embeddable":true,"href":"https:\/\/saludsinaloa.gob.mx\/index.php\/wp-json\/wp\/v2\/comments?post=12608"}],"version-history":[{"count":1,"href":"https:\/\/saludsinaloa.gob.mx\/index.php\/wp-json\/wp\/v2\/posts\/12608\/revisions"}],"predecessor-version":[{"id":12610,"href":"https:\/\/saludsinaloa.gob.mx\/index.php\/wp-json\/wp\/v2\/posts\/12608\/revisions\/12610"}],"wp:featuredmedia":[{"embeddable":true,"href":"https:\/\/saludsinaloa.gob.mx\/index.php\/wp-json\/wp\/v2\/media\/12593"}],"wp:attachment":[{"href":"https:\/\/saludsinaloa.gob.mx\/index.php\/wp-json\/wp\/v2\/media?parent=12608"}],"wp:term":[{"taxonomy":"category","embeddable":true,"href":"https:\/\/saludsinaloa.gob.mx\/index.php\/wp-json\/wp\/v2\/categories?post=12608"},{"taxonomy":"post_tag","embeddable":true,"href":"https:\/\/saludsinaloa.gob.mx\/index.php\/wp-json\/wp\/v2\/tags?post=12608"}],"curies":[{"name":"wp","href":"https:\/\/api.w.org\/{rel}","templated":true}]}}