{"id":12036,"date":"2021-05-13T09:50:00","date_gmt":"2021-05-13T09:50:00","guid":{"rendered":"http:\/\/saludsinaloa.gob.mx\/?p=12036"},"modified":"2021-05-17T17:01:54","modified_gmt":"2021-05-17T17:01:54","slug":"la-poblacion-debe-continuar-con-las-medidas-de-prevencion-la-pandemia-sigue-debemos-aprender-a-vivir-con-esto-dr-efren-encinas-torres","status":"publish","type":"post","link":"https:\/\/saludsinaloa.gob.mx\/index.php\/2021\/05\/13\/la-poblacion-debe-continuar-con-las-medidas-de-prevencion-la-pandemia-sigue-debemos-aprender-a-vivir-con-esto-dr-efren-encinas-torres\/","title":{"rendered":"LA POBLACI\u00d3N DEBE CONTINUAR CON LAS MEDIDAS DE PREVENCI\u00d3N, LA PANDEMIA SIGUE, DEBEMOS APRENDER A VIVIR CON ESTO\u201d, DR. EFR\u00c9N ENCINAS TORRES"},"content":{"rendered":"<p><strong><a href=\"http:\/\/saludsinaloa.gob.mx\/wp-content\/uploads\/2017\/boletines\/13-05-2021_ LA POBLACION DEBE CONTINUAR CON LAS MEDIDAS DE PREVENCION.pdf\" target=\"_blank\" rel=\"noopener noreferrer\">Descargar<\/a><\/strong><\/p>\n<p><b>\u201cLA POBLACI\u00d3N DEBE CONTINUAR CON LAS MEDIDAS DE PREVENCI\u00d3N, LA PANDEMIA SIGUE, DEBEMOS APRENDER A VIVIR CON ESTO\u201d, DR. EFR\u00c9N ENCINAS TORRES<\/b><\/p>\n<p><i>* El proceso de vacunaci\u00f3n contin\u00faa en la entidad en los sectores de la poblaci\u00f3n que va marcando el protocolo implementado por la federaci\u00f3n.<\/i><\/p>\n<p><b>Culiac\u00e1n, Sinaloa, a 13 de mayo de 2021.-<\/b>\u00a0La Secretar\u00eda de Salud de Sinaloa hace un atento llamado a toda la poblaci\u00f3n que ya ha sido vacunada contra el COVID-19 para que contin\u00faen con la pr\u00e1ctica de los cuidados b\u00e1sicos para protegerse de este virus y a su vez evitar contagiar a m\u00e1s personas.<\/p>\n<p>El Dr. Efr\u00e9n Encinas Torres, Secretario de Salud, reiter\u00f3 una vez m\u00e1s que el hecho de haber sido vacunados contra el COVID, as\u00ed haya sido en dos o una dosis, no descarta a la persona que pueda contagiarse del virus SARS- COV-2, dicha vacuna ayuda para que los s\u00edntomas no sean tan graves y se evite llegar a la hospitalizaci\u00f3n, pero no exenta del contagio y contagiar a los dem\u00e1s.<\/p>\n<p>\u201cSe\u00f1alar que, no obstante como siempre lo hemos dicho, que ya tenemos la vacuna no podemos bajar la guardia si no al contrario, continuar toda la poblaci\u00f3n con las medidas de prevenci\u00f3n, de protecci\u00f3n que todos ya hemos se\u00f1alado y conocido, eso debe de continuar, la pandemia sigue, de tal manera que debemos tambi\u00e9n nosotros aprender a vivir con esto en tanto la pandemia desaparezca o no desaparezca y quede despu\u00e9s como una enfermedad end\u00e9mica parecido a la influenza y que haya la vacuna que anualmente se est\u00e9 aplicando, todos lo podemos lograr desde luego, hay que estar atentos de ello\u201d, explic\u00f3.<\/p>\n<p>Fue enf\u00e1tico, como cada ocasi\u00f3n, en el hecho de que no hay que bajar la guardia, la vacuna es una herramienta m\u00e1s y el tri\u00e1ngulo de la vida tenemos que utilizarlo siempre, llevarlo por delante: lavado de manos con agua y jab\u00f3n al menos durante 20 segundos, o gel alcoholado no menos de 70% de alcohol, el uso del cubrebocas, no hay duda de la utilidad que tiene bien aplicado por que te cuida y cuidamos a los dem\u00e1s e indudablemente en lo posible cuidar la sana distancia, son medidas que est\u00e1n a la mano de nosotros y que no cuestan mucho m\u00e1s que la responsabilidad de hacerlo.<\/p>\n<p>El proceso de vacunaci\u00f3n continua en nuestro estado, complementando el esquema de segundas dosis en adultos mayores, as\u00ed como las primeras vacunas para personas de 50 a 59 a\u00f1os de edad y la vacunaci\u00f3n al personal del sector educativo de Sinaloa.<\/p>\n","protected":false},"excerpt":{"rendered":"<p>Descargar \u201cLA POBLACI\u00d3N DEBE CONTINUAR CON LAS MEDIDAS DE PREVENCI\u00d3N, LA PANDEMIA SIGUE, DEBEMOS APRENDER A VIVIR CON ESTO\u201d, DR. EFR\u00c9N ENCINAS TORRES * El proceso de vacunaci\u00f3n contin\u00faa en la entidad en los sectores de la poblaci\u00f3n que va marcando el protocolo implementado por la federaci\u00f3n. Culiac\u00e1n, Sinaloa, a 13 de mayo de 2021.-\u00a0La [&hellip;]<\/p>\n","protected":false},"author":1,"featured_media":11956,"comment_status":"closed","ping_status":"open","sticky":false,"template":"","format":"standard","meta":{"footnotes":""},"categories":[4,3],"tags":[],"class_list":["post-12036","post","type-post","status-publish","format-standard","has-post-thumbnail","hentry","category-boletines-prensa","category-prensa"],"_links":{"self":[{"href":"https:\/\/saludsinaloa.gob.mx\/index.php\/wp-json\/wp\/v2\/posts\/12036","targetHints":{"allow":["GET"]}}],"collection":[{"href":"https:\/\/saludsinaloa.gob.mx\/index.php\/wp-json\/wp\/v2\/posts"}],"about":[{"href":"https:\/\/saludsinaloa.gob.mx\/index.php\/wp-json\/wp\/v2\/types\/post"}],"author":[{"embeddable":true,"href":"https:\/\/saludsinaloa.gob.mx\/index.php\/wp-json\/wp\/v2\/users\/1"}],"replies":[{"embeddable":true,"href":"https:\/\/saludsinaloa.gob.mx\/index.php\/wp-json\/wp\/v2\/comments?post=12036"}],"version-history":[{"count":1,"href":"https:\/\/saludsinaloa.gob.mx\/index.php\/wp-json\/wp\/v2\/posts\/12036\/revisions"}],"predecessor-version":[{"id":12039,"href":"https:\/\/saludsinaloa.gob.mx\/index.php\/wp-json\/wp\/v2\/posts\/12036\/revisions\/12039"}],"wp:featuredmedia":[{"embeddable":true,"href":"https:\/\/saludsinaloa.gob.mx\/index.php\/wp-json\/wp\/v2\/media\/11956"}],"wp:attachment":[{"href":"https:\/\/saludsinaloa.gob.mx\/index.php\/wp-json\/wp\/v2\/media?parent=12036"}],"wp:term":[{"taxonomy":"category","embeddable":true,"href":"https:\/\/saludsinaloa.gob.mx\/index.php\/wp-json\/wp\/v2\/categories?post=12036"},{"taxonomy":"post_tag","embeddable":true,"href":"https:\/\/saludsinaloa.gob.mx\/index.php\/wp-json\/wp\/v2\/tags?post=12036"}],"curies":[{"name":"wp","href":"https:\/\/api.w.org\/{rel}","templated":true}]}}