{"id":11596,"date":"2021-01-10T09:23:07","date_gmt":"2021-01-10T09:23:07","guid":{"rendered":"http:\/\/saludsinaloa.gob.mx\/?p=11596"},"modified":"2021-01-11T04:33:44","modified_gmt":"2021-01-11T04:33:44","slug":"estamos-trabajando-en-el-tema-de-la-vacuna-contra-el-covid-19-prontamente-la-tendremos-ya-en-sinaloa-dr-efren-encinas-torres","status":"publish","type":"post","link":"https:\/\/saludsinaloa.gob.mx\/index.php\/2021\/01\/10\/estamos-trabajando-en-el-tema-de-la-vacuna-contra-el-covid-19-prontamente-la-tendremos-ya-en-sinaloa-dr-efren-encinas-torres\/","title":{"rendered":"\u201cESTAMOS TRABAJANDO EN EL TEMA DE LA VACUNA CONTRA EL COVID-19, PRONTAMENTE LA TENDREMOS YA EN SINALOA\u201d, DR. EFR\u00c9N ENCINAS TORRES"},"content":{"rendered":"<p><a href=\"http:\/\/saludsinaloa.gob.mx\/wp-content\/uploads\/2017\/boletines\/10-01-2021_ESTAMOS TRABAJANDO EN EL TEMA DE LA VACUNA CONTRA EL COVID-19, PRONTAMENTE LA TENDREMOS YA EN SINALOA\u201d, DR. EFR\u00c9N ENCINAS TORRES.pdf\" target=\"_blank\" rel=\"noopener noreferrer\"><strong>Descargar<\/strong><\/a><\/p>\n<p style=\"text-align: center;\"><strong>\u201cESTAMOS TRABAJANDO EN EL TEMA DE LA VACUNA CONTRA EL COVID-19, PRONTAMENTE LA TENDREMOS YA EN SINALOA\u201d, DR. EFR\u00c9N ENCINAS TORRES<\/strong><\/p>\n<p><strong>*Se han llevado a cabo reuniones sobre el manejo espec\u00edfico de las vacunas.<\/strong><\/p>\n<p><strong>Culiac\u00e1n, Sinaloa a 10 de enero de 2021<\/strong>.- El Gobierno del Estado de Sinaloa a trav\u00e9s de la Secretar\u00eda de Salud se encuentra preparando la log\u00edstica a implementar ante el pronto arribo de las vacunas contra el COVID-19 para ser aplicadas al personal de salud en una primera etapa.<\/p>\n<p>El Secretario de Salud y titular de los Servicios de Salud de Sinaloa, Dr. Efr\u00e9n Encinas Torres, afirm\u00f3 que todos los d\u00edas se ha estado trabajando y revisando a detalle los procedimientos y protocolos a seguir una vez que llegue la vacuna contra el COVID-19 a la entidad, lo cual asegur\u00f3 ser\u00e1 en los pr\u00f3ximos d\u00edas y se estar\u00e1 informando a toda la poblaci\u00f3n.<\/p>\n<p>\u201cEstamos trabajando en el tema de la vacuna contra el COVID-19, prontamente la tendremos ya en Sinaloa para aplicarse como todos sabemos primeramente al personal trabajador de salud atendiendo precisamente a quienes demandan la atenci\u00f3n de esta enfermedad que ha sido una calamidad por la pandemia que implica, estamos prepar\u00e1ndonos con toda la log\u00edstica como siempre lo hemos se\u00f1alado, recientemente acabamos de tener una reuni\u00f3n de manejo en espec\u00edfico revisando la metodolog\u00eda, contraindicaciones de la misma un \u00e1rea de valoraci\u00f3n, un triage, donde se va a determinar llenando alg\u00fan documento, una revisi\u00f3n, el candidato a la vacuna, no se preocupen por ello, ser\u00e1 debidamente elaborado y evaluado para que el desarrollo de la misma sea como es, atendiendo siempre la salud de Sinaloa\u201d, apunt\u00f3.<\/p>\n<p>La vacunaci\u00f3n a personal de salud de la primera l\u00ednea de atenci\u00f3n a casos de COVID-19 en hospitales se realizar\u00e1 en este orden de prioridad:<\/p>\n<p>1. Enfermeras<br \/>\n2. Inhaloterapeuta<br \/>\n3. M\u00e9dicos<br \/>\n4. Laboratoristas \/ Qu\u00edmicos<br \/>\n5. T\u00e9cnico Radi\u00f3logo<br \/>\n6. Camillero<br \/>\n7. Limpieza e higiene<br \/>\n8. Personal de ambulancia<br \/>\n9. Manejador de alimentos<br \/>\n10. Asistente m\u00e9dica<br \/>\n11. Trabajo social<\/p>\n<p>*Incluye personal pasante, de confianza y eventuales.<\/p>\n<p>Entre otras especificaciones a la hora de vacunarse contra el COVID-19 es preciso destacar que las mujeres que lactan a su beb\u00e9 pueden vacunarse y no se requiere suspender la lactancia antes o despu\u00e9s de la vacunaci\u00f3n. Considerando que la vacuna no contiene virus en su composici\u00f3n; a\u00fan en los casos en que la madre tiene un cuadro cl\u00ednico activo de COVID-19, la OMS ha recomendado mantener la lactancia materna; la COFEPRIS no incluye a la lactancia como contraindicaci\u00f3n para vacunarse.<\/p>\n<p>Asimismo, la vacuna mRNA\/BioNTech BNTI62b2 no contiene virus atenuados ni inactivados por lo que es una vacuna potencialmente segura, sin embargo, la respuesta inmune a la vacunaci\u00f3n podr\u00eda ser inferior a la presentada por personas inmunocompetentes, es decir, personas con inmunosupresi\u00f3n.<\/p>\n<p>Las contraindicaciones van para las personas que recientemente se enfermaron de COVID-19 y que a\u00fan no se recuperan (menos de 14 d\u00edas sin s\u00edntomas); personas con antecedentes de alergia grave (tipo reacci\u00f3n anafil\u00e1ctica); personas que han recibido en los 3 meses previos al d\u00eda de la vacunaci\u00f3n: transfusi\u00f3n sangu\u00ednea, hemoderivados conteniendo anticuerpos, tratamiento con plasma o anticuerpos monocionales contra COVID-19.<\/p>\n<p>De igual manera las contraindicaciones van dirigidas para personas con hipersensibilidad conocida a los componentes de la vacuna (Polietilenglicol o PEG).<\/p>\n<p>Al momento no se cuenta con informaci\u00f3n sobre la seguridad y eficacia de uso de la vacuna en mujeres embarazadas, si la solicitan se le puede aplicar con la firma de consentimiento; y ni\u00f1as y ni\u00f1os menores de edad.<\/p>\n<p>&nbsp;<\/p>\n","protected":false},"excerpt":{"rendered":"<p>Descargar \u201cESTAMOS TRABAJANDO EN EL TEMA DE LA VACUNA CONTRA EL COVID-19, PRONTAMENTE LA TENDREMOS YA EN SINALOA\u201d, DR. EFR\u00c9N ENCINAS TORRES *Se han llevado a cabo reuniones sobre el manejo espec\u00edfico de las vacunas. Culiac\u00e1n, Sinaloa a 10 de enero de 2021.- El Gobierno del Estado de Sinaloa a trav\u00e9s de la Secretar\u00eda de [&hellip;]<\/p>\n","protected":false},"author":1,"featured_media":11597,"comment_status":"closed","ping_status":"open","sticky":false,"template":"","format":"standard","meta":{"footnotes":""},"categories":[4,3],"tags":[],"class_list":["post-11596","post","type-post","status-publish","format-standard","has-post-thumbnail","hentry","category-boletines-prensa","category-prensa"],"_links":{"self":[{"href":"https:\/\/saludsinaloa.gob.mx\/index.php\/wp-json\/wp\/v2\/posts\/11596","targetHints":{"allow":["GET"]}}],"collection":[{"href":"https:\/\/saludsinaloa.gob.mx\/index.php\/wp-json\/wp\/v2\/posts"}],"about":[{"href":"https:\/\/saludsinaloa.gob.mx\/index.php\/wp-json\/wp\/v2\/types\/post"}],"author":[{"embeddable":true,"href":"https:\/\/saludsinaloa.gob.mx\/index.php\/wp-json\/wp\/v2\/users\/1"}],"replies":[{"embeddable":true,"href":"https:\/\/saludsinaloa.gob.mx\/index.php\/wp-json\/wp\/v2\/comments?post=11596"}],"version-history":[{"count":1,"href":"https:\/\/saludsinaloa.gob.mx\/index.php\/wp-json\/wp\/v2\/posts\/11596\/revisions"}],"predecessor-version":[{"id":11598,"href":"https:\/\/saludsinaloa.gob.mx\/index.php\/wp-json\/wp\/v2\/posts\/11596\/revisions\/11598"}],"wp:featuredmedia":[{"embeddable":true,"href":"https:\/\/saludsinaloa.gob.mx\/index.php\/wp-json\/wp\/v2\/media\/11597"}],"wp:attachment":[{"href":"https:\/\/saludsinaloa.gob.mx\/index.php\/wp-json\/wp\/v2\/media?parent=11596"}],"wp:term":[{"taxonomy":"category","embeddable":true,"href":"https:\/\/saludsinaloa.gob.mx\/index.php\/wp-json\/wp\/v2\/categories?post=11596"},{"taxonomy":"post_tag","embeddable":true,"href":"https:\/\/saludsinaloa.gob.mx\/index.php\/wp-json\/wp\/v2\/tags?post=11596"}],"curies":[{"name":"wp","href":"https:\/\/api.w.org\/{rel}","templated":true}]}}