{"id":11116,"date":"2020-10-28T10:24:44","date_gmt":"2020-10-28T10:24:44","guid":{"rendered":"http:\/\/saludsinaloa.gob.mx\/?p=11116"},"modified":"2020-11-09T19:33:28","modified_gmt":"2020-11-09T19:33:28","slug":"el-gremio-de-enfermeria-un-orgullo-para-el-sector-salud-dr-efren-encinas-torres","status":"publish","type":"post","link":"https:\/\/saludsinaloa.gob.mx\/index.php\/2020\/10\/28\/el-gremio-de-enfermeria-un-orgullo-para-el-sector-salud-dr-efren-encinas-torres\/","title":{"rendered":"\u201cEL GREMIO DE ENFERMER\u00cdA UN ORGULLO PARA EL SECTOR SALUD\u201d; DR. EFR\u00c9N ENCINAS TORRES"},"content":{"rendered":"<p><strong><a href=\"http:\/\/saludsinaloa.gob.mx\/wp-content\/uploads\/2017\/boletines\/28-10-2020_ EL GREMIO DE ENFERMERI\u0301A UN ORGULLO PARA EL SECTOR SALUD.pdf\" target=\"_blank\" rel=\"noopener noreferrer\">Descargar<\/a><\/strong><\/p>\n<p style=\"text-align: center;\"><strong>\u201cEL GREMIO DE ENFERMER\u00cdA UN ORGULLO PARA EL SECTOR SALUD\u201d; DR. EFR\u00c9N ENCINAS TORRES<\/strong><\/p>\n<p><strong><em>*Secretario de Salud de Sinaloa, reconoce la ardua labor del gremio m\u00e9dico y de enfermer\u00eda en estos tiempos de pandemia, durante la inauguraci\u00f3n del XVI Congreso Internacional de Enfermer\u00eda <\/em><\/strong><\/p>\n<p><strong>Culiac\u00e1n, Sinaloa, 28 de octubre del 2020;<\/strong> Es el sector m\u00e9dico y en especial el gremio de enfermer\u00eda el recurso humano m\u00e1s valioso para el sector salud, sobre todo en estos tiempos donde el mundo enfrenta la contingencia sanitaria por COVID \u2013 19, por lo que se dijo orgulloso de que en Sinaloa siempre se promueva la capacitaci\u00f3n e innovaci\u00f3n dentro de este gremio, afirm\u00f3 el Secretario de Salud de Sinaloa, Dr. Efr\u00e9n Encinas Torres.<\/p>\n<p>Durante la inauguraci\u00f3n del XVI Congreso Internacional de Enfermer\u00eda, denominado \u201cCompromiso y Liderazgo en el Cuidado de la Calidad\u201d, el titular de la salud en el estado, reconoci\u00f3 el compromiso de todo el gremio de enfermer\u00eda quienes desde hace 16 a\u00f1os se han capacitado en temas vanguardistas y de gran inter\u00e9s a trav\u00e9s de este tipo de congresos, con ponentes expertos de gran prestigio acad\u00e9mico y participaciones provenientes de Colombia, Espa\u00f1a, Chile, Panam\u00e1 y desde luego M\u00e9xico.<\/p>\n<p>\u201cEso implica un reconocimiento mayor para todo el gremio de enfermer\u00eda, de tal manera que no me sorprende que este congreso internacional de enfermer\u00eda este siendo ya exitoso y desde luego se vayan a cumplir las expectativas que se plantearon y m\u00e1s de manera particular en esta ocasi\u00f3n donde se tiene una contingencia en el mundo\u201d, indic\u00f3.<\/p>\n<p>Por su parte el Director del HCC, Sergio Sa\u00fal Irizar, manifest\u00f3 que este Congreso Internacional de Enfermer\u00eda se ha convertido en un orgullo m\u00e1s para este nosocomio, y motivo para celebrar de la mejor manera el 88 aniversario de haber sido fundado el HCC.<\/p>\n<p>Record\u00f3 que este Hospital desde sus inicios ha sido un \u201chospital escuela\u201d que brinda asistencia m\u00e9dica de calidad a la poblaci\u00f3n en general mediante servicios integrales y de alta especialidad con alto grado de seguridad, calidad y calidez en los servicios brindados, formador tambi\u00e9n de recursos humanos.<\/p>\n<p>\u201cD\u00e9jeme decirles que este evento nos llena de orgullo como hospital ya que desde sus inicios hemos visto como hemos avanzado a pasos agigantados hacia la excelencia respecto a lo que es la educaci\u00f3n m\u00e9dica continua y este en su modalidad virtual no ser\u00e1 la excepci\u00f3n, porque tengo fe en el gremio a la atenci\u00f3n de salud pilar en nuestro hospital, me refiero al gremio de enfermer\u00eda que sin duda promueve el d\u00eda a d\u00eda la atinada tem\u00e1tica de este congreso, compromiso y liderazgo en el cuidado de la calidad\u201d, coment\u00f3.<\/p>\n<p>Cabe se\u00f1alar que, el XVI Congreso Internacional de Enfermer\u00eda es realizado por el Hospital Civil de Culiac\u00e1n y el Centro de Investigaci\u00f3n y Docencia en Ciencias de la Salud, a trav\u00e9s del Departamento de Enfermer\u00eda, este a\u00f1o en su modalidad online.<\/p>\n","protected":false},"excerpt":{"rendered":"<p>Descargar \u201cEL GREMIO DE ENFERMER\u00cdA UN ORGULLO PARA EL SECTOR SALUD\u201d; DR. EFR\u00c9N ENCINAS TORRES *Secretario de Salud de Sinaloa, reconoce la ardua labor del gremio m\u00e9dico y de enfermer\u00eda en estos tiempos de pandemia, durante la inauguraci\u00f3n del XVI Congreso Internacional de Enfermer\u00eda Culiac\u00e1n, Sinaloa, 28 de octubre del 2020; Es el sector m\u00e9dico [&hellip;]<\/p>\n","protected":false},"author":1,"featured_media":11117,"comment_status":"closed","ping_status":"open","sticky":false,"template":"","format":"standard","meta":{"footnotes":""},"categories":[4,3],"tags":[],"class_list":["post-11116","post","type-post","status-publish","format-standard","has-post-thumbnail","hentry","category-boletines-prensa","category-prensa"],"_links":{"self":[{"href":"https:\/\/saludsinaloa.gob.mx\/index.php\/wp-json\/wp\/v2\/posts\/11116","targetHints":{"allow":["GET"]}}],"collection":[{"href":"https:\/\/saludsinaloa.gob.mx\/index.php\/wp-json\/wp\/v2\/posts"}],"about":[{"href":"https:\/\/saludsinaloa.gob.mx\/index.php\/wp-json\/wp\/v2\/types\/post"}],"author":[{"embeddable":true,"href":"https:\/\/saludsinaloa.gob.mx\/index.php\/wp-json\/wp\/v2\/users\/1"}],"replies":[{"embeddable":true,"href":"https:\/\/saludsinaloa.gob.mx\/index.php\/wp-json\/wp\/v2\/comments?post=11116"}],"version-history":[{"count":3,"href":"https:\/\/saludsinaloa.gob.mx\/index.php\/wp-json\/wp\/v2\/posts\/11116\/revisions"}],"predecessor-version":[{"id":11120,"href":"https:\/\/saludsinaloa.gob.mx\/index.php\/wp-json\/wp\/v2\/posts\/11116\/revisions\/11120"}],"wp:featuredmedia":[{"embeddable":true,"href":"https:\/\/saludsinaloa.gob.mx\/index.php\/wp-json\/wp\/v2\/media\/11117"}],"wp:attachment":[{"href":"https:\/\/saludsinaloa.gob.mx\/index.php\/wp-json\/wp\/v2\/media?parent=11116"}],"wp:term":[{"taxonomy":"category","embeddable":true,"href":"https:\/\/saludsinaloa.gob.mx\/index.php\/wp-json\/wp\/v2\/categories?post=11116"},{"taxonomy":"post_tag","embeddable":true,"href":"https:\/\/saludsinaloa.gob.mx\/index.php\/wp-json\/wp\/v2\/tags?post=11116"}],"curies":[{"name":"wp","href":"https:\/\/api.w.org\/{rel}","templated":true}]}}