{"id":11005,"date":"2020-09-10T12:05:09","date_gmt":"2020-09-10T12:05:09","guid":{"rendered":"http:\/\/saludsinaloa.gob.mx\/?p=11005"},"modified":"2020-09-20T06:36:45","modified_gmt":"2020-09-20T06:36:45","slug":"ss-realiza-actividades-para-la-prevencion-del-suicidio","status":"publish","type":"post","link":"https:\/\/saludsinaloa.gob.mx\/index.php\/2020\/09\/10\/ss-realiza-actividades-para-la-prevencion-del-suicidio\/","title":{"rendered":"SS REALIZA ACTIVIDADES PARA LA PREVENCI\u00d3N DEL SUICIDIO"},"content":{"rendered":"<p><a href=\"http:\/\/saludsinaloa.gob.mx\/wp-content\/uploads\/2017\/boletines\/10-09-2020 SS REALIZA ACTIVIDADES PARA LA PREVENCIO\u0301N DEL SUICIDIO.pdf\" target=\"_blank\" rel=\"noopener noreferrer\"><strong>Descargar<\/strong><\/a><\/p>\n<p>&nbsp;<\/p>\n<p style=\"font-weight: 400;\"><strong>SS REALIZA ACTIVIDADES PARA LA PREVENCI\u00d3N DEL SUICIDIO<\/strong><\/p>\n<p style=\"font-weight: 400;\"><strong><em>* Con motivo del D\u00eda Mundial de la Prevenci\u00f3n del Suicidio, 10 de septiembre \u201cVive, habla y sonr\u00ede\u201d.<\/em><\/strong><\/p>\n<p style=\"font-weight: 400;\"><strong>Culiac\u00e1n, Sinaloa a 10 de septiembre de 2020.-<\/strong> Como sociedad tenemos que mejorar la calidad de vida y fortalecer v\u00ednculos con las personas, el 10 de septiembre, D\u00eda Mundial de la Prevenci\u00f3n del Suicidio, busca crear conciencia en este tema y evitar sus consecuencias con la campa\u00f1a \u201cVive, Habla y sonr\u00ede\u201d.<\/p>\n<p style=\"font-weight: 400;\">Es por ello que la Secretar\u00eda de Salud de Sinaloa, a trav\u00e9s de la Comisi\u00f3n Estatal para la Prevenci\u00f3n, Tratamiento y Control de las Adicciones (CEPTCA), se suma a las actividades de este D\u00eda Mundial de la Prevenci\u00f3n del Suicidio, el Dr. Cristhian Aldo Mu\u00f1oz Madrid, Comisionado Estatal, hace el llamado a la poblaci\u00f3n sinaloense a sumarse, portar un mo\u00f1o amarillo y trabajar en familia para evitar estos sucesos.<\/p>\n<p style=\"font-weight: 400;\">\u201cEl suicidio es un producto de un estilo de vida con muchos factores de riesgo, debemos, como sociedad, seguir esforz\u00e1ndonos por mejorar nuestros estilos de vida, por mejorar la comunicaci\u00f3n con nuestros hijos y sobre todo fortalecernos como seres humanos; desafortunadamente lo hemos y lo seguimos viendo en personas que tienen serios conflictos con su personalidad, con situaciones del orden com\u00fan, dentro y fuera de la familia y con el consumo de sustancias, quiero invitarlos a todos que este 10 de septiembre, D\u00eda Mundial de la Prevenci\u00f3n del Suicidio, portemos un mo\u00f1o amarillo o algo que distinga esta prevenci\u00f3n que queremos fortalecer en el estado de Sinaloa\u201d, explic\u00f3.<\/p>\n<p style=\"font-weight: 400;\">En el marco del 10 de septiembre, CEPTCA lleva a cabo actividades en diferentes municipios por medio de los UNEME CAPA, en las cuales se habla e informa de la importancia, prevenciones y recomendaciones para aquellas personas que necesiten ayuda.<\/p>\n<p style=\"font-weight: 400;\">Para promover la salud emocional, en Guam\u00fachil se imparti\u00f3 la videoconferencia Prevenci\u00f3n del suicidio a internos del Centro de Rehabilitaci\u00f3n Jader; de igual manera, se estuvo trabajando con los ni\u00f1os el tema de bullyng para brindarles informaci\u00f3n y medidas de prevenci\u00f3n y promoci\u00f3n de salud mental y suicidio.<\/p>\n<p style=\"font-weight: 400;\">El UNEME CAPA de El Fuerte trabaja con el tema de Prevenci\u00f3n del suicidio y estilos de vida saludable en el Centro de Rehabilitaci\u00f3n CADAR EL FUERTE. Mientras que en Navolato se ha tenido participaci\u00f3n en la Campa\u00f1a del Suicidio de manera paralela con el UNEME CAPA de Mazatl\u00e1n.<\/p>\n<p style=\"font-weight: 400;\">Por su parte, en Guasave, personal del UNEME CAPA sali\u00f3 a los alrededores para llevar a cabo la actividad de entrega de folletos y la colocaci\u00f3n del list\u00f3n amarillo representativo, creando conciencia y haciendo \u00e9nfasis a la vulnerabilidad en torno a este tema.<\/p>\n<p style=\"font-weight: 400;\">Cada a\u00f1o, cerca de 800 000 personas fallecen por esta causa y otras muchas intentan suicidarse. Cada suicidio es una tragedia que afecta a una familia, a una comunidad o a todo un pa\u00eds y que tiene consecuencias duraderas en las personas cercanas a las v\u00edctimas, no obstante, se puede prevenir el suicidio.<\/p>\n<p style=\"font-weight: 400;\">En 2019 la zona norte del Estado de Sinaloa pas\u00f3 a tener el primer lugar en casos de suicidios, continuando en 2020, de forma preliminar, con el mayor n\u00famero de suicidios. El grupo m\u00e1s afectado en 2019 fue el de 15 a 29 a\u00f1os de edad, mientras que en 2020 es el de 45 a 59 a\u00f1os el que est\u00e1 ocupando el primer lugar.<\/p>\n<p style=\"font-weight: 400;\">Las personas m\u00e1s afectadas son los empleados del sector p\u00fablico y privado, le siguen los trabajadores de actividades agr\u00edcolas, ganader\u00eda, caza y pesca, sigui\u00e9ndole los estudiantes, profesionales y amas de casa.<\/p>\n<p style=\"font-weight: 400;\">Afecta mayormente al sexo masculino con el 83% y el sexo femenino con un 17%; el m\u00e9todo m\u00e1s frecuente es el ahorcamiento, seguido por las armas de fuego, teniendo como sitio de ocurrencia el hogar, seguido por la v\u00eda p\u00fablica.<\/p>\n","protected":false},"excerpt":{"rendered":"<p>Descargar &nbsp; SS REALIZA ACTIVIDADES PARA LA PREVENCI\u00d3N DEL SUICIDIO * Con motivo del D\u00eda Mundial de la Prevenci\u00f3n del Suicidio, 10 de septiembre \u201cVive, habla y sonr\u00ede\u201d. Culiac\u00e1n, Sinaloa a 10 de septiembre de 2020.- Como sociedad tenemos que mejorar la calidad de vida y fortalecer v\u00ednculos con las personas, el 10 de septiembre, [&hellip;]<\/p>\n","protected":false},"author":1,"featured_media":11006,"comment_status":"closed","ping_status":"open","sticky":false,"template":"","format":"standard","meta":{"footnotes":""},"categories":[4,3],"tags":[],"class_list":["post-11005","post","type-post","status-publish","format-standard","has-post-thumbnail","hentry","category-boletines-prensa","category-prensa"],"_links":{"self":[{"href":"https:\/\/saludsinaloa.gob.mx\/index.php\/wp-json\/wp\/v2\/posts\/11005","targetHints":{"allow":["GET"]}}],"collection":[{"href":"https:\/\/saludsinaloa.gob.mx\/index.php\/wp-json\/wp\/v2\/posts"}],"about":[{"href":"https:\/\/saludsinaloa.gob.mx\/index.php\/wp-json\/wp\/v2\/types\/post"}],"author":[{"embeddable":true,"href":"https:\/\/saludsinaloa.gob.mx\/index.php\/wp-json\/wp\/v2\/users\/1"}],"replies":[{"embeddable":true,"href":"https:\/\/saludsinaloa.gob.mx\/index.php\/wp-json\/wp\/v2\/comments?post=11005"}],"version-history":[{"count":1,"href":"https:\/\/saludsinaloa.gob.mx\/index.php\/wp-json\/wp\/v2\/posts\/11005\/revisions"}],"predecessor-version":[{"id":11007,"href":"https:\/\/saludsinaloa.gob.mx\/index.php\/wp-json\/wp\/v2\/posts\/11005\/revisions\/11007"}],"wp:featuredmedia":[{"embeddable":true,"href":"https:\/\/saludsinaloa.gob.mx\/index.php\/wp-json\/wp\/v2\/media\/11006"}],"wp:attachment":[{"href":"https:\/\/saludsinaloa.gob.mx\/index.php\/wp-json\/wp\/v2\/media?parent=11005"}],"wp:term":[{"taxonomy":"category","embeddable":true,"href":"https:\/\/saludsinaloa.gob.mx\/index.php\/wp-json\/wp\/v2\/categories?post=11005"},{"taxonomy":"post_tag","embeddable":true,"href":"https:\/\/saludsinaloa.gob.mx\/index.php\/wp-json\/wp\/v2\/tags?post=11005"}],"curies":[{"name":"wp","href":"https:\/\/api.w.org\/{rel}","templated":true}]}}