{"id":10830,"date":"2020-07-07T06:11:11","date_gmt":"2020-07-07T06:11:11","guid":{"rendered":"http:\/\/saludsinaloa.gob.mx\/?p=10830"},"modified":"2020-07-16T16:40:45","modified_gmt":"2020-07-16T16:40:45","slug":"vitiligo-lo-padece-el-2-por-ciento-de-la-poblacion-en-el-mundo-07-de-julio-del-2020","status":"publish","type":"post","link":"https:\/\/saludsinaloa.gob.mx\/index.php\/2020\/07\/07\/vitiligo-lo-padece-el-2-por-ciento-de-la-poblacion-en-el-mundo-07-de-julio-del-2020\/","title":{"rendered":"VIT\u00cdLIGO LO PADECE EL 2% POR CIENTO DE LA POBLACI\u00d3N EN EL MUNDO. 07 de julio del 2020."},"content":{"rendered":"<p><strong><a href=\"http:\/\/saludsinaloa.gob.mx\/wp-content\/uploads\/2017\/boletines\/07-07-2020 VITILIGO LO PADECE EL 2 POR CIENTO DE LA POBLACION EN EL MUNDO.pdf\">Descargar<\/a><\/strong><\/p>\n<p><strong>VIT\u00cdLIGO LO PADECE EL 2% POR CIENTO DE LA POBLACI\u00d3N EN EL MUNDO<\/strong><\/p>\n<p>&nbsp;<\/p>\n<p><strong>* En el Centro Dermatol\u00f3gico de Sinaloa, el vit\u00edligo se presenta en la consulta general entre un 5 al 6% de los pacientes que acuden a esta unidad de salud.<\/strong><\/p>\n<p><strong>\u00a0<\/strong><strong>Culiac\u00e1n, Sinaloa, 07 de julio del 2020;<\/strong> El vit\u00edligo es una enfermedad que causa la p\u00e9rdida de color en zonas de la piel, la extensi\u00f3n y la velocidad de la p\u00e9rdida de color por vit\u00edligo son impredecibles, puede afectar la piel en cualquier parte del cuerpo, tambi\u00e9n puede afectar el cabello y el interior de la boca y alrededor del 02% de la poblaci\u00f3n en el mundo la padece, inform\u00f3 el Dr. Guillermo Moraila Moya, Director del Centro Dermatol\u00f3gico de Sinaloa.<\/p>\n<p>Detall\u00f3 que, por lo general, la melanina determina el color del cabello y la piel y el vit\u00edligo se produce cuando las c\u00e9lulas que producen melanina mueren o dejan de funcionar. Es as\u00ed que este padecimiento puede afectar a las personas de todo tipo de piel, pero puede ser m\u00e1s perceptible en las personas de piel m\u00e1s oscura.<\/p>\n<p>Se\u00f1al\u00f3 que si bien esta afecci\u00f3n no pone en peligro la vida ni es contagiosa, puede ser estresante y hacerte sentir inseguro de ti mismo, puede generar angustia social y psicol\u00f3gica en el paciente, de ah\u00ed que cada 25 de junio se celebra el D\u00eda Mundial del Vit\u00edligo, la cual es una iniciativa destinada a crear conciencia sobre este padecimiento, adoptada por la Secretar\u00eda de Salud de Sinaloa, para crear conciencia y empat\u00eda sobre pacientes con este padecimiento.<\/p>\n<p>\u201cEl vit\u00edligo es un problema de la piel, solamente y se manifiesta con manchas blanquecinas en diferentes partes del cuerpo como son los pliegues, parpados, cuello, codos, axilas, cintura, genitales, tobillos, rodillas, a nivel de la punta de los dedos, de manos y de pies y en los labios, y de ah\u00ed se puede generalizar. Es de evoluci\u00f3n cr\u00f3nica progresiva en muchos de los casos tiende a evolucionar y a la curaci\u00f3n espont\u00e1nea, el sol, los traumatismos, la ropa, la aumentan as\u00ed como el estr\u00e9s, existe un factor muy importante que es el gen\u00e9tico, inmunol\u00f3gico, con se trasmite de persona a persona, los tratamientos son a largo plazo tienen que ser recomendados por m\u00e9dicos, pero si recomendados mucho cuidados al sol\u201d, manifest\u00f3.<\/p>\n<p>Explic\u00f3 que, el tratamiento del vit\u00edligo puede restablecer el color de la piel afectada. Pero no previene la p\u00e9rdida continua del color de la piel ni evita su recurrencia.<\/p>\n<p>Las causas sobre esta afectaci\u00f3n pueden variar;\u00a0 Un trastorno en el cual el sistema inmunitario ataca y destruye los melanocitos de la piel. Antecedentes familiares (hereditario). Un evento desencadenante, como una quemadura solar, un episodio de estr\u00e9s o la exposici\u00f3n a productos qu\u00edmicos industriales.<\/p>\n<p>Cabe se\u00f1alar que en el Centro Dermatol\u00f3gico de Sinaloa, el vit\u00edligo se presenta en la consulta general entre un 5 al 6% de los pacientes que acuden a esta unidad de salud.<\/p>\n<p>&nbsp;<\/p>\n<p>&nbsp;<\/p>\n<p>&nbsp;<\/p>\n<p>Fuente: Departamento de Comunicaci\u00f3n Social a Julio del 2020<\/p>\n<p>Elabor\u00f3: Departamento de Comunicaci\u00f3n Social<\/p>\n","protected":false},"excerpt":{"rendered":"<p>Descargar VIT\u00cdLIGO LO PADECE EL 2% POR CIENTO DE LA POBLACI\u00d3N EN EL MUNDO &nbsp; * En el Centro Dermatol\u00f3gico de Sinaloa, el vit\u00edligo se presenta en la consulta general entre un 5 al 6% de los pacientes que acuden a esta unidad de salud. \u00a0Culiac\u00e1n, Sinaloa, 07 de julio del 2020; El vit\u00edligo es [&hellip;]<\/p>\n","protected":false},"author":1,"featured_media":10832,"comment_status":"closed","ping_status":"open","sticky":false,"template":"","format":"standard","meta":{"footnotes":""},"categories":[4,3],"tags":[],"class_list":["post-10830","post","type-post","status-publish","format-standard","has-post-thumbnail","hentry","category-boletines-prensa","category-prensa"],"_links":{"self":[{"href":"https:\/\/saludsinaloa.gob.mx\/index.php\/wp-json\/wp\/v2\/posts\/10830","targetHints":{"allow":["GET"]}}],"collection":[{"href":"https:\/\/saludsinaloa.gob.mx\/index.php\/wp-json\/wp\/v2\/posts"}],"about":[{"href":"https:\/\/saludsinaloa.gob.mx\/index.php\/wp-json\/wp\/v2\/types\/post"}],"author":[{"embeddable":true,"href":"https:\/\/saludsinaloa.gob.mx\/index.php\/wp-json\/wp\/v2\/users\/1"}],"replies":[{"embeddable":true,"href":"https:\/\/saludsinaloa.gob.mx\/index.php\/wp-json\/wp\/v2\/comments?post=10830"}],"version-history":[{"count":3,"href":"https:\/\/saludsinaloa.gob.mx\/index.php\/wp-json\/wp\/v2\/posts\/10830\/revisions"}],"predecessor-version":[{"id":10835,"href":"https:\/\/saludsinaloa.gob.mx\/index.php\/wp-json\/wp\/v2\/posts\/10830\/revisions\/10835"}],"wp:featuredmedia":[{"embeddable":true,"href":"https:\/\/saludsinaloa.gob.mx\/index.php\/wp-json\/wp\/v2\/media\/10832"}],"wp:attachment":[{"href":"https:\/\/saludsinaloa.gob.mx\/index.php\/wp-json\/wp\/v2\/media?parent=10830"}],"wp:term":[{"taxonomy":"category","embeddable":true,"href":"https:\/\/saludsinaloa.gob.mx\/index.php\/wp-json\/wp\/v2\/categories?post=10830"},{"taxonomy":"post_tag","embeddable":true,"href":"https:\/\/saludsinaloa.gob.mx\/index.php\/wp-json\/wp\/v2\/tags?post=10830"}],"curies":[{"name":"wp","href":"https:\/\/api.w.org\/{rel}","templated":true}]}}