{"id":10647,"date":"2020-06-12T06:45:24","date_gmt":"2020-06-12T06:45:24","guid":{"rendered":"http:\/\/saludsinaloa.gob.mx\/?p=10647"},"modified":"2020-06-20T18:52:30","modified_gmt":"2020-06-20T18:52:30","slug":"el-cancer-de-piel-puede-prevenirse-de-una-manera-facil-ss-12-de-junio-del-2020","status":"publish","type":"post","link":"https:\/\/saludsinaloa.gob.mx\/index.php\/2020\/06\/12\/el-cancer-de-piel-puede-prevenirse-de-una-manera-facil-ss-12-de-junio-del-2020\/","title":{"rendered":"EL C\u00c1NCER DE PIEL, PUEDE PREVENIRSE DE UNA MANERA F\u00c1CIL; SS. 12 de junio del 2020-"},"content":{"rendered":"<p><strong><a href=\"http:\/\/saludsinaloa.gob.mx\/wp-content\/uploads\/2017\/boletines\/12-06-2020  EL CANCER DE PIEL, PUEDE PREVENIRSE DE UNA MANERA FACIL.pdf\">Descargar<\/a><\/strong><\/p>\n<p><strong>EL C\u00c1NCER DE PIEL, PUEDE PREVENIRSE DE UNA MANERA F\u00c1CIL; SS<\/strong><\/p>\n<p>&nbsp;<\/p>\n<p><strong><em>*Extremar cuidados en la piel contra la radiaci\u00f3n solar y lavado de cara, son medidas sencillas de aplicar y que ayudan a prevenir c\u00e1ncer en la piel asegura especialista<\/em><\/strong><\/p>\n<p><strong>\u00a0<\/strong><strong>Culiac\u00e1n, Sinaloa, 12 de junio del 2020<\/strong>; En el marco del D\u00eda Mundial del C\u00e1ncer de Piel, a celebrarse el 13 de junio el cual es considerado un tipo de c\u00e1ncer que com\u00fanmente padece la poblaci\u00f3n, la Secretar\u00eda de Salud de Sinaloa llama a extremar medidas preventivas y acudir al Centro Dermatol\u00f3gico de Sinaloa\u00a0 ante cualquier problema cut\u00e1neo que tenga el paciente para poder hacer un diagn\u00f3stico y tratamiento adecuado.<\/p>\n<p>El Dr. Guillermo Moraila Moya, Director del Centro Dermatol\u00f3gico de Sinaloa, inform\u00f3 que el c\u00e1ncer de piel es un problema com\u00fan en nuestro medio, y principalmente se presenta en adultos mayores, tiene m\u00faltiples factores de desarrollo como es el gen\u00e9tico y ambiental, sobre todo.<\/p>\n<p>\u201cEn los gen\u00e9ticos esta la situaci\u00f3n de las pieles blancas, morenas y obscuras, en las cuales quien tiene piel blanca ser\u00e1 quien tiene mayor riesgo de desarrollar c\u00e1ncer en la piel, otros factores mas gen\u00e9ticos pueden ser tener cutis grasoso o mixto que pueda favorecer tambi\u00e9n a dar una mayor sensibilidad a la piel en la cuesti\u00f3n del desarrollo.<\/p>\n<p>En factores ambientales esta la radiaci\u00f3n, la exposici\u00f3n del sol en toda la vida, entre m\u00e1s tiempo te expongas, m\u00e1s riesgo llevas en padecer c\u00e1ncer de piel, tomando en consideraci\u00f3n la \u00e9poca del a\u00f1o, la situaci\u00f3n del medio ambiente si esta nublado o no, la hora que te expongas al sol e la ma\u00f1ana medio d\u00eda o en la tarde\u201d, Explic\u00f3.<\/p>\n<p>Agreg\u00f3 que, las manifestaciones de c\u00e1ncer en la piel, empiezan generalmente entre los 40 a 45 a\u00f1os de edad, y para cuando el paciente tiene 50 a 60 a\u00f1os ya se trata de un c\u00e1ncer bien establecido.<\/p>\n<p>\u201cEl paciente comienza con una manchita oscura escamativa, que luego se trasform\u00f3 en un n\u00f3dulo en una bolita que fue creciendo, desarrollando, totalmente asintom\u00e1tica, tiende a ulcerarse a hacerse costrosa, tiende a cicatrizar y luego a reaparecer y el problema se hace cr\u00f3nico y el tumor va creciendo en superficie y en profundidad hasta llegar a situaciones tan graves que puede destruir y mutilar zonas de piel\u201d, detall\u00f3.<\/p>\n<p>Inform\u00f3 que la parte m\u00e1s importante donde aparece el c\u00e1ncer de piel es en la cara, en la nariz, mejillas, parpados, orejas, frente en labios, pueden aparecer estos tipos de tumores, por eso indic\u00f3 que es importante estar pendiente y ante cualquier problema de este tipo acudir ante al m\u00e9dico.<\/p>\n<p>Reiter\u00f3 que la prevenci\u00f3n para evitar padecer este tipo de enfermedad es sencillo, pues solo se requiere del aseo diario de cara con agua y jab\u00f3n para aquellos que tiene cutis muy grasoso o brilloso y cuidados exagerados al sol.<\/p>\n<p>Asimismo, detall\u00f3 que en el Centro Dermatol\u00f3gico de Sinaloa, entre el\u00a0 20 a un 30 % de los pacientes que acuden a la consulta acuden por este problema de c\u00e1ncer en la piel. Y entre un 70 a 80% de los pacientes ya diagnosticados ya tienen alrededor de dos a\u00f1os o 3 a\u00f1os de evoluci\u00f3n con el problema y pr\u00e1cticamente es un c\u00e1ncer bien establecido.<\/p>\n<p>&nbsp;<\/p>\n<p>&nbsp;<\/p>\n<p>&nbsp;<\/p>\n<p>Fuente: Departamento de Comunicaci\u00f3n Social a Junio del 2020<br \/>\nElabor\u00f3: Departamento de Comunicaci\u00f3n Social<\/p>\n","protected":false},"excerpt":{"rendered":"<p>Descargar EL C\u00c1NCER DE PIEL, PUEDE PREVENIRSE DE UNA MANERA F\u00c1CIL; SS &nbsp; *Extremar cuidados en la piel contra la radiaci\u00f3n solar y lavado de cara, son medidas sencillas de aplicar y que ayudan a prevenir c\u00e1ncer en la piel asegura especialista \u00a0Culiac\u00e1n, Sinaloa, 12 de junio del 2020; En el marco del D\u00eda Mundial [&hellip;]<\/p>\n","protected":false},"author":1,"featured_media":10652,"comment_status":"closed","ping_status":"open","sticky":false,"template":"","format":"standard","meta":{"footnotes":""},"categories":[4,3],"tags":[],"class_list":["post-10647","post","type-post","status-publish","format-standard","has-post-thumbnail","hentry","category-boletines-prensa","category-prensa"],"_links":{"self":[{"href":"https:\/\/saludsinaloa.gob.mx\/index.php\/wp-json\/wp\/v2\/posts\/10647","targetHints":{"allow":["GET"]}}],"collection":[{"href":"https:\/\/saludsinaloa.gob.mx\/index.php\/wp-json\/wp\/v2\/posts"}],"about":[{"href":"https:\/\/saludsinaloa.gob.mx\/index.php\/wp-json\/wp\/v2\/types\/post"}],"author":[{"embeddable":true,"href":"https:\/\/saludsinaloa.gob.mx\/index.php\/wp-json\/wp\/v2\/users\/1"}],"replies":[{"embeddable":true,"href":"https:\/\/saludsinaloa.gob.mx\/index.php\/wp-json\/wp\/v2\/comments?post=10647"}],"version-history":[{"count":1,"href":"https:\/\/saludsinaloa.gob.mx\/index.php\/wp-json\/wp\/v2\/posts\/10647\/revisions"}],"predecessor-version":[{"id":10653,"href":"https:\/\/saludsinaloa.gob.mx\/index.php\/wp-json\/wp\/v2\/posts\/10647\/revisions\/10653"}],"wp:featuredmedia":[{"embeddable":true,"href":"https:\/\/saludsinaloa.gob.mx\/index.php\/wp-json\/wp\/v2\/media\/10652"}],"wp:attachment":[{"href":"https:\/\/saludsinaloa.gob.mx\/index.php\/wp-json\/wp\/v2\/media?parent=10647"}],"wp:term":[{"taxonomy":"category","embeddable":true,"href":"https:\/\/saludsinaloa.gob.mx\/index.php\/wp-json\/wp\/v2\/categories?post=10647"},{"taxonomy":"post_tag","embeddable":true,"href":"https:\/\/saludsinaloa.gob.mx\/index.php\/wp-json\/wp\/v2\/tags?post=10647"}],"curies":[{"name":"wp","href":"https:\/\/api.w.org\/{rel}","templated":true}]}}